{"id":61027,"date":"2018-11-02T23:45:33","date_gmt":"2018-11-03T02:45:33","guid":{"rendered":"http:\/\/portalcatolico.net\/portal\/?p=61027"},"modified":"2018-11-03T07:45:59","modified_gmt":"2018-11-03T10:45:59","slug":"confira-como-foi-o-dia-de-finados-em-itabuna-2","status":"publish","type":"post","link":"http:\/\/portalcatolico.net\/portal\/confira-como-foi-o-dia-de-finados-em-itabuna-2\/","title":{"rendered":"Confira como foi o Dia de Finados em Itabuna"},"content":{"rendered":"<div dir=\"auto\">Nesta sexta-feira, 02 de novembro, Dia de Finados, milhares de pessoas visitaram os cemit\u00e9rios de todo o Brasil. Em Itabuna, n\u00e3o foi diferente! O Cemit\u00e9rio Campo Santo, o maior \u00e9 o mais tradicional da cidade, recebeu visita durante todo o dia. Aproximadamente 10 mil pessoas coloriram os m\u00e1rmores, alegraram os granitos e participaram das nove missas presididas por padres, di\u00e1conos e pelo Bispo da Diocese de Itabuna, Dom Carlos Alberto dos Santos.<\/div>\n<div dir=\"auto\">&nbsp;<\/div>\n<div dir=\"auto\">De uma em uma hora, acontecia um Celebra\u00e7\u00e3o Eucar\u00edstica na capela do cemit\u00e9rio.<\/div>\n<div dir=\"auto\">Na homilia, Dom Carlos disse: &#8220;Estamos aqui celebrando a mem\u00f3ria dos fieis defuntos de toda a humanidade, \u00e0queles lembrados e n\u00e3o lembrados para os seus familiares. \u00c9 por isso mesmo, que a palavra de Deus, hoje, nos chama a aten\u00e7\u00e3o para o momento em que se \u00e9 chamado pelo Senhor. Quem acredita na ressurrei\u00e7\u00e3o do Senhor, n\u00e3o tem medo, vive sempre desejoso&#8221;.<\/div>\n<div dir=\"auto\">&nbsp;<\/div>\n<div dir=\"auto\">O costume de visitar os cemit\u00e9rios no dia dos defuntos \u00e9 uma boa oportunidade para rezar por eles e reafirmar a f\u00e9 na ressurrei\u00e7\u00e3o. Por isso, os fieis na Terra podem ajudar as almas do purgat\u00f3rio pelas ora\u00e7\u00f5es, esmolas e especialmente pelo sacrif\u00edcio da missa, para que possam ir para o c\u00e9u em breve.&nbsp;<\/div>\n<div dir=\"auto\">Vale ressaltar que nos tr\u00eas cemit\u00e9rios de Itabuna tiveram missas neste dia, al\u00e9m das missas realizadas nas par\u00f3quias.&nbsp;<\/div>\n<div dir=\"auto\">&nbsp;<\/div>\n<div dir=\"auto\">\u00c0s 11h, a \u00faltima missa pela manh\u00e3, foi presidida pelo Pe. Manoel Carlos, p\u00e1roco da Paroquia Senhor do Bonfim de Itabuna. Na localidade, ele concedeu uma entrevista ao vivo para a TV Santa Cruz, \u00e0 rep\u00f3rter Karen P\u00f3lvoas, falando sobre a import\u00e2ncia desse dia de finados: &#8220;\u00c9 uma import\u00e2ncia muito simples porque hoje n\u00e3o celebramos o dia da morte nem o dia de tristeza, mas celebramos um dia de saudades. N\u00f3s voltamos \u00e0s nossas ora\u00e7\u00f5es para pedir a Deus que perdoe os pecados dos nossos irm\u00e3os e irm\u00e3s que j\u00e1 foram morar com Deus e levamos uma palavra de conforto para as pessoas que est\u00e3o aqui ainda&#8221;, finalizou.<\/div>\n<div dir=\"auto\">&nbsp;<\/div>\n<div dir=\"auto\">Dom Carlos presidiu a \u00faltima do dia, \u00e0s 17h, que foi concelebrada pelos di\u00e1conos Jos\u00e9 Ara\u00fajo, Trajano Oswaldo e Esmeraldo Sardinha.<\/div>\n<div dir=\"auto\">&nbsp;<\/div>\n<div dir=\"auto\">Fotos:Acervo\/Portal Cat\u00f3lico<\/div>\n<div dir=\"auto\">&nbsp;<\/div>\n<div dir=\"auto\"><a href=\"http:\/\/portalcatolico.net\/portal\/dia-de-finados-em-itabuna\/?fbclid=IwAR3-O3CtQr-bDCd4mzzOiPxREH3DGrg1z37g8ON82V74m63HjLFsoGA46ZU\"><strong>Clique aqui e confira<\/strong><\/a><\/div>\n","protected":false},"excerpt":{"rendered":"<p>Nesta sexta-feira, 02 de novembro, Dia de Finados, milhares de pessoas visitaram os cemit\u00e9rios de todo o Brasil. Em Itabuna, n\u00e3o foi diferente! O Cemit\u00e9rio Campo Santo, o maior \u00e9 o mais tradicional da cidade, recebeu visita durante todo o dia. Aproximadamente 10 mil pessoas coloriram os m\u00e1rmores, alegraram os granitos e participaram das nove&nbsp;<\/p>\n<p><a class=\"btn btn-style\" href=\"http:\/\/portalcatolico.net\/portal\/confira-como-foi-o-dia-de-finados-em-itabuna-2\/\">Continue Reading<\/a><\/p>\n","protected":false},"author":2,"featured_media":61028,"comment_status":"open","ping_status":"open","sticky":false,"template":"","format":"standard","meta":{"footnotes":""},"categories":[65],"tags":[],"class_list":["post-61027","post","type-post","status-publish","format-standard","has-post-thumbnail","hentry","category-entrevistas"],"_links":{"self":[{"href":"http:\/\/portalcatolico.net\/portal\/wp-json\/wp\/v2\/posts\/61027","targetHints":{"allow":["GET"]}}],"collection":[{"href":"http:\/\/portalcatolico.net\/portal\/wp-json\/wp\/v2\/posts"}],"about":[{"href":"http:\/\/portalcatolico.net\/portal\/wp-json\/wp\/v2\/types\/post"}],"author":[{"embeddable":true,"href":"http:\/\/portalcatolico.net\/portal\/wp-json\/wp\/v2\/users\/2"}],"replies":[{"embeddable":true,"href":"http:\/\/portalcatolico.net\/portal\/wp-json\/wp\/v2\/comments?post=61027"}],"version-history":[{"count":1,"href":"http:\/\/portalcatolico.net\/portal\/wp-json\/wp\/v2\/posts\/61027\/revisions"}],"predecessor-version":[{"id":61029,"href":"http:\/\/portalcatolico.net\/portal\/wp-json\/wp\/v2\/posts\/61027\/revisions\/61029"}],"wp:featuredmedia":[{"embeddable":true,"href":"http:\/\/portalcatolico.net\/portal\/wp-json\/wp\/v2\/media\/61028"}],"wp:attachment":[{"href":"http:\/\/portalcatolico.net\/portal\/wp-json\/wp\/v2\/media?parent=61027"}],"wp:term":[{"taxonomy":"category","embeddable":true,"href":"http:\/\/portalcatolico.net\/portal\/wp-json\/wp\/v2\/categories?post=61027"},{"taxonomy":"post_tag","embeddable":true,"href":"http:\/\/portalcatolico.net\/portal\/wp-json\/wp\/v2\/tags?post=61027"}],"curies":[{"name":"wp","href":"https:\/\/api.w.org\/{rel}","templated":true}]}}