{"id":61024,"date":"2018-11-02T22:39:51","date_gmt":"2018-11-03T01:39:51","guid":{"rendered":"http:\/\/portalcatolico.net\/portal\/?p=61024"},"modified":"2018-11-02T22:39:51","modified_gmt":"2018-11-03T01:39:51","slug":"papa-na-missa-de-finados-memoria-esperanca-e-luz","status":"publish","type":"post","link":"http:\/\/portalcatolico.net\/portal\/papa-na-missa-de-finados-memoria-esperanca-e-luz\/","title":{"rendered":"Papa na Missa de Finados: mem\u00f3ria, esperan\u00e7a e luz"},"content":{"rendered":"<div class=\"article__subTitle\">Na tarde deste Dia de Finados, o Papa Francisco foi ao Cemit\u00e9rio Laurentino de Roma para presidir a Santa Missa. Nas suas palavras: mem\u00f3ria, esperan\u00e7a e luzes das Bem-Aventuran\u00e7as para n\u00e3o errar o caminho.<\/div>\n<div>&nbsp;<\/div>\n<div class=\"title__separator\">Na tarde desta sexta-feira (02\/11), dia da celebra\u00e7\u00e3o dos fi\u00e9is defuntos, o Papa Francisco presidiu uma Santa Missa no Cemit\u00e9rio Laurentino, em Roma. Ao chegar no Cemit\u00e9rio, o Papa foi rezar no Jardim dos Anjos, onde est\u00e3o sepultadas as crian\u00e7as n\u00e3o nascidas e as crian\u00e7as que morreram por outras causas.<\/div>\n<div class=\"article__text\">\n<p><b>Passado, futuro e o presente<\/b><\/p>\n<p>Na sua homilia o Papa iniciou recordando que &#8220;a liturgia de hoje \u00e9 uma liturgia concreta porque nos enquadra nas tr\u00eas dimens\u00f5es da vida, que at\u00e9 as crian\u00e7as entendem, ou seja, o passado, o futuro e o presente&#8221;.<\/p>\n<p>&#8220;Recordando o dia da mem\u00f3ria&#8221;, disse o Papa, &#8220;falamos no passado, dos que caminharam antes de n\u00f3s, dos que nos deram vida, nos acompanharam\u2026<\/p>\n<div>\n<div class=\"article__embed article__embed--border embed_style\">\n<blockquote><p>\u201c \u00c9 importante recordar e fazer mem\u00f3ria, isso nos deixa mais fortes, como pessoa e como povo. Nos sentimos enraizados, nos faz entender quem somos e que n\u00e3o estamos sozinhos: um povo que tem uma hist\u00f3ria, tem um passado, tem uma vida \u201d<\/p><\/blockquote>\n<\/div>\n<\/div>\n<p>Nem sempre \u00e9 f\u00e1cil recordar, voltar para tr\u00e1s &#8211; disse o Papa &#8211; e lembrar da nossa vida, da nossa fam\u00edlia, do nosso povo. Mas hoje \u00e9 dia de mem\u00f3ria e a mem\u00f3ria nos leva \u00e0s nossas ra\u00edzes .<\/p>\n<p><b>Esperan\u00e7a<\/b><\/p>\n<p>&#8220;Hoje tamb\u00e9m \u00e9 um dia de esperan\u00e7a, disse o Pont\u00edfice, como diz a segunda leitura, nos mostra o que nos espera. Um c\u00e9u novo, uma terra nova, mais bela, a santa cidade de Jerusal\u00e9m, nova e bela. Espera-se a beleza\u2026 Mem\u00f3ria e esperan\u00e7a de nos encontrarmos, esperan\u00e7a de chegar onde h\u00e1 o amor que nos criou: o amor do Pai&#8221;.<\/p>\n<p>O Papa seguiu dizendo que entre mem\u00f3ria e esperan\u00e7a h\u00e1 a terceira dimens\u00e3o: o caminho que devemos seguir.<\/p>\n<p>&#8220;Como fazer para n\u00e3o errar e seguir o caminho&#8221;.&nbsp; Papa Francisco completou: &#8220;a resposta est\u00e1 no Evangelho, que nos diz para seguir as Bem-aventuran\u00e7as. As Bem-aventuran\u00e7as s\u00e3o as luzes que nos acompanham para n\u00e3o errar o caminho: este \u00e9 o nosso presente.<\/p>\n<p><b>Tr\u00eas dimens\u00f5es<\/b><\/p>\n<p>&#8220;Neste cemit\u00e9rio h\u00e1 as tr\u00eas dimens\u00f5es da vida: Mem\u00f3ria que vemos \u00e0 nossa frente, a esperan\u00e7a que celebramos agora na f\u00e9, e as&nbsp; luzes para nos guiar no caminho que s\u00e3o as Bem-aventuran\u00e7as.<\/p>\n<div>\n<div class=\"article__embed article__embed--border embed_style\">\n<blockquote><p>\u201c Jamais devemos perder ou esconder a mem\u00f3ria, das pessoas, da fam\u00edlia e de povo \u201d<\/p><\/blockquote>\n<\/div>\n<\/div>\n<p>Concluindo o Papa desejou que &#8220;Deus nos d\u00ea a gra\u00e7a da esperan\u00e7a, saber esperar, olhar o horizonte e a gra\u00e7a de entender quais s\u00e3o as luzes que nos acompanhar\u00e3o para seguir no caminho e assim chegar onde nos esperam com tanto amor&#8221;.(Vatican News)<\/p>\n<\/div>\n","protected":false},"excerpt":{"rendered":"<p>Na tarde deste Dia de Finados, o Papa Francisco foi ao Cemit\u00e9rio Laurentino de Roma para presidir a Santa Missa. Nas suas palavras: mem\u00f3ria, esperan\u00e7a e luzes das Bem-Aventuran\u00e7as para n\u00e3o errar o caminho. &nbsp; Na tarde desta sexta-feira (02\/11), dia da celebra\u00e7\u00e3o dos fi\u00e9is defuntos, o Papa Francisco presidiu uma Santa Missa no Cemit\u00e9rio&nbsp;<\/p>\n<p><a class=\"btn btn-style\" href=\"http:\/\/portalcatolico.net\/portal\/papa-na-missa-de-finados-memoria-esperanca-e-luz\/\">Continue Reading<\/a><\/p>\n","protected":false},"author":2,"featured_media":61025,"comment_status":"open","ping_status":"open","sticky":false,"template":"","format":"standard","meta":{"footnotes":""},"categories":[5],"tags":[],"class_list":["post-61024","post","type-post","status-publish","format-standard","has-post-thumbnail","hentry","category-igreja_no_mundo"],"_links":{"self":[{"href":"http:\/\/portalcatolico.net\/portal\/wp-json\/wp\/v2\/posts\/61024","targetHints":{"allow":["GET"]}}],"collection":[{"href":"http:\/\/portalcatolico.net\/portal\/wp-json\/wp\/v2\/posts"}],"about":[{"href":"http:\/\/portalcatolico.net\/portal\/wp-json\/wp\/v2\/types\/post"}],"author":[{"embeddable":true,"href":"http:\/\/portalcatolico.net\/portal\/wp-json\/wp\/v2\/users\/2"}],"replies":[{"embeddable":true,"href":"http:\/\/portalcatolico.net\/portal\/wp-json\/wp\/v2\/comments?post=61024"}],"version-history":[{"count":1,"href":"http:\/\/portalcatolico.net\/portal\/wp-json\/wp\/v2\/posts\/61024\/revisions"}],"predecessor-version":[{"id":61026,"href":"http:\/\/portalcatolico.net\/portal\/wp-json\/wp\/v2\/posts\/61024\/revisions\/61026"}],"wp:featuredmedia":[{"embeddable":true,"href":"http:\/\/portalcatolico.net\/portal\/wp-json\/wp\/v2\/media\/61025"}],"wp:attachment":[{"href":"http:\/\/portalcatolico.net\/portal\/wp-json\/wp\/v2\/media?parent=61024"}],"wp:term":[{"taxonomy":"category","embeddable":true,"href":"http:\/\/portalcatolico.net\/portal\/wp-json\/wp\/v2\/categories?post=61024"},{"taxonomy":"post_tag","embeddable":true,"href":"http:\/\/portalcatolico.net\/portal\/wp-json\/wp\/v2\/tags?post=61024"}],"curies":[{"name":"wp","href":"https:\/\/api.w.org\/{rel}","templated":true}]}}