{"id":60939,"date":"2018-11-02T09:20:16","date_gmt":"2018-11-02T12:20:16","guid":{"rendered":"http:\/\/portalcatolico.net\/portal\/?p=60939"},"modified":"2018-11-02T09:22:02","modified_gmt":"2018-11-02T12:22:02","slug":"convite-despedida-de-padre-marcos-roberto","status":"publish","type":"post","link":"http:\/\/portalcatolico.net\/portal\/convite-despedida-de-padre-marcos-roberto\/","title":{"rendered":"Convite: despedida de padre Marcos Roberto"},"content":{"rendered":"<div dir=\"auto\"><img loading=\"lazy\" decoding=\"async\" class=\"wp-image-60942 aligncenter\" src=\"http:\/\/portalcatolico.net\/portal\/wp-content\/uploads\/2018\/11\/45208120_287660538518923_5992968589110411264_n-1-300x150.jpg\" alt=\"\" width=\"736\" height=\"368\" srcset=\"http:\/\/portalcatolico.net\/portal\/wp-content\/uploads\/2018\/11\/45208120_287660538518923_5992968589110411264_n-1-300x150.jpg 300w, http:\/\/portalcatolico.net\/portal\/wp-content\/uploads\/2018\/11\/45208120_287660538518923_5992968589110411264_n-1-768x384.jpg 768w, http:\/\/portalcatolico.net\/portal\/wp-content\/uploads\/2018\/11\/45208120_287660538518923_5992968589110411264_n-1.jpg 960w\" sizes=\"auto, (max-width: 736px) 100vw, 736px\" \/><\/div>\n<div dir=\"auto\">A Par\u00f3quia de Santa Luzia, na cidade de Pau Brasil (BA), convida a todos para marcarem presen\u00e7a na missa de despedida do padre Marcos Roberto Santos Oliveira que se despede de&nbsp; par\u00f3quia ap\u00f3s realizar um bel\u00edssimo trabalho de evangeliza\u00e7\u00e3o.<\/div>\n<div dir=\"auto\">&nbsp;<\/div>\n<div dir=\"auto\">Um internauta nas redes sociais deixou uma mensagem para o sacerdote: &#8220;Padre Marcos Roberto Souza Oliveira deixar\u00e1 saudades, mas entendemos que faz parte da sua miss\u00e3o&#8221;.&nbsp;<\/div>\n<div dir=\"auto\">&nbsp;<\/div>\n<div dir=\"auto\">A santa missa de despedida ser\u00e1 neste domingo, 04 de novembro,\u00e1s 08h, na Igreja matriz de Santa Luzia.<\/div>\n<div dir=\"auto\">&nbsp;<\/div>\n<div dir=\"auto\">Foto:Reprodu\u00e7\u00e3o\/Facebook<\/div>\n","protected":false},"excerpt":{"rendered":"<p>A Par\u00f3quia de Santa Luzia, na cidade de Pau Brasil (BA), convida a todos para marcarem presen\u00e7a na missa de despedida do padre Marcos Roberto Santos Oliveira que se despede de&nbsp; par\u00f3quia ap\u00f3s realizar um bel\u00edssimo trabalho de evangeliza\u00e7\u00e3o. &nbsp; Um internauta nas redes sociais deixou uma mensagem para o sacerdote: &#8220;Padre Marcos Roberto Souza&nbsp;<\/p>\n<p><a class=\"btn btn-style\" href=\"http:\/\/portalcatolico.net\/portal\/convite-despedida-de-padre-marcos-roberto\/\">Continue Reading<\/a><\/p>\n","protected":false},"author":2,"featured_media":60940,"comment_status":"open","ping_status":"open","sticky":false,"template":"","format":"standard","meta":{"footnotes":""},"categories":[4],"tags":[],"class_list":["post-60939","post","type-post","status-publish","format-standard","has-post-thumbnail","hentry","category-destaques"],"_links":{"self":[{"href":"http:\/\/portalcatolico.net\/portal\/wp-json\/wp\/v2\/posts\/60939","targetHints":{"allow":["GET"]}}],"collection":[{"href":"http:\/\/portalcatolico.net\/portal\/wp-json\/wp\/v2\/posts"}],"about":[{"href":"http:\/\/portalcatolico.net\/portal\/wp-json\/wp\/v2\/types\/post"}],"author":[{"embeddable":true,"href":"http:\/\/portalcatolico.net\/portal\/wp-json\/wp\/v2\/users\/2"}],"replies":[{"embeddable":true,"href":"http:\/\/portalcatolico.net\/portal\/wp-json\/wp\/v2\/comments?post=60939"}],"version-history":[{"count":3,"href":"http:\/\/portalcatolico.net\/portal\/wp-json\/wp\/v2\/posts\/60939\/revisions"}],"predecessor-version":[{"id":60944,"href":"http:\/\/portalcatolico.net\/portal\/wp-json\/wp\/v2\/posts\/60939\/revisions\/60944"}],"wp:featuredmedia":[{"embeddable":true,"href":"http:\/\/portalcatolico.net\/portal\/wp-json\/wp\/v2\/media\/60940"}],"wp:attachment":[{"href":"http:\/\/portalcatolico.net\/portal\/wp-json\/wp\/v2\/media?parent=60939"}],"wp:term":[{"taxonomy":"category","embeddable":true,"href":"http:\/\/portalcatolico.net\/portal\/wp-json\/wp\/v2\/categories?post=60939"},{"taxonomy":"post_tag","embeddable":true,"href":"http:\/\/portalcatolico.net\/portal\/wp-json\/wp\/v2\/tags?post=60939"}],"curies":[{"name":"wp","href":"https:\/\/api.w.org\/{rel}","templated":true}]}}