{"id":60936,"date":"2018-11-02T09:05:49","date_gmt":"2018-11-02T12:05:49","guid":{"rendered":"http:\/\/portalcatolico.net\/portal\/?p=60936"},"modified":"2018-11-02T09:05:49","modified_gmt":"2018-11-02T12:05:49","slug":"padre-de-paroquia-em-itabuna-pede-que-fieis-orem-mais-o-terco","status":"publish","type":"post","link":"http:\/\/portalcatolico.net\/portal\/padre-de-paroquia-em-itabuna-pede-que-fieis-orem-mais-o-terco\/","title":{"rendered":"Padre de par\u00f3quia em Itabuna pede que fieis orem mais o ter\u00e7o"},"content":{"rendered":"<div dir=\"auto\">Nesta quinta-feira, 01 de novembro, na santa missa das 19h, o p\u00e1roco da par\u00f3quia Santa Rita de C\u00e1ssia, o Frei Jos\u00e9 Genilton Costa dos Santos, OFM Cap, na Diocese de Itabuna, em sua homilia fez um pedido especial para o fieis: &#8220;Continuem rezando ter\u00e7o a pedido da Igreja e do santo padre o Papa Francisco.<\/div>\n<div dir=\"auto\">&nbsp;<\/div>\n<div dir=\"auto\">O mal se manifesta de diversos modos, complicando a miss\u00e3o de evangeliza\u00e7\u00e3o da Igreja e dos irm\u00e3os chegando at\u00e9 a desacredit\u00e1-la. Em parte, a responsabilidade \u00e9 nossa por deixarmo-nos levar pelas paix\u00f5es e n\u00e3o pela verdadeira vida: a riqueza, a vaidade e o orgulho. Estes s\u00e3o os caminhos pelos quais o maligno nos seduz e nos arrasta para o mal, levando-nos a cometer a\u00e7\u00f5es perversas, como disc\u00f3rdias, mentiras etc. N\u00e3o pare e continue rezarem, diariamente, o Santo Ter\u00e7o contra o mal&#8221;.<\/div>\n<div dir=\"auto\">&nbsp;<\/div>\n<div dir=\"auto\">Na sua Carta ao Povo de Deus, no \u00faltimo dia 20 de agosto, o Santo Padre recordou: &#8220;Se um membro sofre, todos sofrem com ele&#8230; Quando experimentamos a desola\u00e7\u00e3o, que provoca tantas chagas na Igreja, devemos persistir na ora\u00e7\u00e3o a Maria e buscar crescer no amor e na fidelidade eclesial&#8221;.&nbsp;<\/div>\n<div dir=\"auto\">&nbsp;<\/div>\n<div dir=\"auto\">O Padre pede a todos os fi\u00e9is um maior esfor\u00e7o nas ora\u00e7\u00f5es pessoais e comunit\u00e1rias, rezando, todos os dias o Ter\u00e7o a Nossa Senhora para que a Virgem Maria proteja a Igreja. Ele falou ainda, que quem criou o ter\u00e7o foi Deus e n\u00e3o a Igreja.&nbsp;<\/div>\n<div dir=\"auto\">&nbsp;<\/div>\n<div dir=\"auto\">Foto:Divulga\u00e7\u00e3o<\/div>\n","protected":false},"excerpt":{"rendered":"<p>Nesta quinta-feira, 01 de novembro, na santa missa das 19h, o p\u00e1roco da par\u00f3quia Santa Rita de C\u00e1ssia, o Frei Jos\u00e9 Genilton Costa dos Santos, OFM Cap, na Diocese de Itabuna, em sua homilia fez um pedido especial para o fieis: &#8220;Continuem rezando ter\u00e7o a pedido da Igreja e do santo padre o Papa Francisco.&nbsp;<\/p>\n<p><a class=\"btn btn-style\" href=\"http:\/\/portalcatolico.net\/portal\/padre-de-paroquia-em-itabuna-pede-que-fieis-orem-mais-o-terco\/\">Continue Reading<\/a><\/p>\n","protected":false},"author":2,"featured_media":60937,"comment_status":"open","ping_status":"open","sticky":false,"template":"","format":"standard","meta":{"footnotes":""},"categories":[69],"tags":[],"class_list":["post-60936","post","type-post","status-publish","format-standard","has-post-thumbnail","hentry","category-artigos"],"_links":{"self":[{"href":"http:\/\/portalcatolico.net\/portal\/wp-json\/wp\/v2\/posts\/60936","targetHints":{"allow":["GET"]}}],"collection":[{"href":"http:\/\/portalcatolico.net\/portal\/wp-json\/wp\/v2\/posts"}],"about":[{"href":"http:\/\/portalcatolico.net\/portal\/wp-json\/wp\/v2\/types\/post"}],"author":[{"embeddable":true,"href":"http:\/\/portalcatolico.net\/portal\/wp-json\/wp\/v2\/users\/2"}],"replies":[{"embeddable":true,"href":"http:\/\/portalcatolico.net\/portal\/wp-json\/wp\/v2\/comments?post=60936"}],"version-history":[{"count":1,"href":"http:\/\/portalcatolico.net\/portal\/wp-json\/wp\/v2\/posts\/60936\/revisions"}],"predecessor-version":[{"id":60938,"href":"http:\/\/portalcatolico.net\/portal\/wp-json\/wp\/v2\/posts\/60936\/revisions\/60938"}],"wp:featuredmedia":[{"embeddable":true,"href":"http:\/\/portalcatolico.net\/portal\/wp-json\/wp\/v2\/media\/60937"}],"wp:attachment":[{"href":"http:\/\/portalcatolico.net\/portal\/wp-json\/wp\/v2\/media?parent=60936"}],"wp:term":[{"taxonomy":"category","embeddable":true,"href":"http:\/\/portalcatolico.net\/portal\/wp-json\/wp\/v2\/categories?post=60936"},{"taxonomy":"post_tag","embeddable":true,"href":"http:\/\/portalcatolico.net\/portal\/wp-json\/wp\/v2\/tags?post=60936"}],"curies":[{"name":"wp","href":"https:\/\/api.w.org\/{rel}","templated":true}]}}