{"id":60933,"date":"2018-11-01T19:10:12","date_gmt":"2018-11-01T22:10:12","guid":{"rendered":"http:\/\/portalcatolico.net\/portal\/?p=60933"},"modified":"2018-11-01T19:10:12","modified_gmt":"2018-11-01T22:10:12","slug":"encontro-nordestino-do-ejc-sera-realizado-em-salvador","status":"publish","type":"post","link":"http:\/\/portalcatolico.net\/portal\/encontro-nordestino-do-ejc-sera-realizado-em-salvador\/","title":{"rendered":"Encontro Nordestino do EJC ser\u00e1 realizado em Salvador"},"content":{"rendered":"<p>O Segundo Encontro Nordestino de coordenadores (Arqui) diocesanos do e padres referenciais do movimento Encontro de Jovens com Cristo \u2013 EJC acontecer\u00e1 em Salvador BA nos dias 23, 24 e 25 de novembro. Dando continuidade a luz da primeira reuni\u00e3o que aconteceu em Crato (CE) os jovens coordenadores e os padres referenciais v\u00e3o se reunir para refletir sobre a vida do movimento na igreja do nordeste, bem como a organiza\u00e7\u00e3o da Pastoral Juvenil do Brasil e a caminhada rumo ao cinquenten\u00e1rio de vida do EJC.<\/p>\n<p>O jovem M\u00e1rcio Santanna, coordenador regional do movimento nos estados da Bahia e do Sergipe, fala da sua expectativa para o encontro \u201cpara n\u00f3s \u00e9 uma alegria acolher este segundo encontro, espero que saiamos daqui com um novo olhar sobre a evangeliza\u00e7\u00e3o da juventude nesta Igreja Particular do nordeste onde nosso movimento tem crescido e atingido muitos jovens de forma grandiosa, tenho certeza que a turma vai gostar do que n\u00f3s preparamos para todos\u201d, afirmou.<\/p>\n<p>Narieudes Lima, Jovem representante do EJC na Arquidiocese de Fortaleza nos diz \u201cO II Encontro Nordestino do EJC que acontecer\u00e1 entre os dias 23 a 25 de novembro na acolhedora cidade de Salvador (BA) e &nbsp;espero dar continuidade ao servi\u00e7o escola que o EJC presta \u00e0 Igreja e ao aprimoramento de seus dirigentes (arqui)diocesanos, apresentado sobre as etapas do servi\u00e7o, o Projeto IDE, a forma\u00e7\u00e3o evang\u00e9lica e pastoral e o compromisso na transforma\u00e7\u00e3o do mundo em que vivemos.\u201d<\/p>\n<p>O encontro contar\u00e1 com a participa\u00e7\u00e3o do Padre Toninho, sdb que \u00e9 assessor para a Pastoral Juvenil da Comiss\u00e3o Episcopal para a juventude.<\/p>\n<p><strong>Por: M\u00e1rcio Santanna \u2013 Coordenador Regional do EJC NE3<\/strong><\/p>\n","protected":false},"excerpt":{"rendered":"<p>O Segundo Encontro Nordestino de coordenadores (Arqui) diocesanos do e padres referenciais do movimento Encontro de Jovens com Cristo \u2013 EJC acontecer\u00e1 em Salvador BA nos dias 23, 24 e 25 de novembro. Dando continuidade a luz da primeira reuni\u00e3o que aconteceu em Crato (CE) os jovens coordenadores e os padres referenciais v\u00e3o se reunir&nbsp;<\/p>\n<p><a class=\"btn btn-style\" href=\"http:\/\/portalcatolico.net\/portal\/encontro-nordestino-do-ejc-sera-realizado-em-salvador\/\">Continue Reading<\/a><\/p>\n","protected":false},"author":2,"featured_media":60934,"comment_status":"open","ping_status":"open","sticky":false,"template":"","format":"standard","meta":{"footnotes":""},"categories":[3],"tags":[],"class_list":["post-60933","post","type-post","status-publish","format-standard","has-post-thumbnail","hentry","category-noticias_regionais"],"_links":{"self":[{"href":"http:\/\/portalcatolico.net\/portal\/wp-json\/wp\/v2\/posts\/60933","targetHints":{"allow":["GET"]}}],"collection":[{"href":"http:\/\/portalcatolico.net\/portal\/wp-json\/wp\/v2\/posts"}],"about":[{"href":"http:\/\/portalcatolico.net\/portal\/wp-json\/wp\/v2\/types\/post"}],"author":[{"embeddable":true,"href":"http:\/\/portalcatolico.net\/portal\/wp-json\/wp\/v2\/users\/2"}],"replies":[{"embeddable":true,"href":"http:\/\/portalcatolico.net\/portal\/wp-json\/wp\/v2\/comments?post=60933"}],"version-history":[{"count":1,"href":"http:\/\/portalcatolico.net\/portal\/wp-json\/wp\/v2\/posts\/60933\/revisions"}],"predecessor-version":[{"id":60935,"href":"http:\/\/portalcatolico.net\/portal\/wp-json\/wp\/v2\/posts\/60933\/revisions\/60935"}],"wp:featuredmedia":[{"embeddable":true,"href":"http:\/\/portalcatolico.net\/portal\/wp-json\/wp\/v2\/media\/60934"}],"wp:attachment":[{"href":"http:\/\/portalcatolico.net\/portal\/wp-json\/wp\/v2\/media?parent=60933"}],"wp:term":[{"taxonomy":"category","embeddable":true,"href":"http:\/\/portalcatolico.net\/portal\/wp-json\/wp\/v2\/categories?post=60933"},{"taxonomy":"post_tag","embeddable":true,"href":"http:\/\/portalcatolico.net\/portal\/wp-json\/wp\/v2\/tags?post=60933"}],"curies":[{"name":"wp","href":"https:\/\/api.w.org\/{rel}","templated":true}]}}