{"id":60930,"date":"2018-11-01T18:58:04","date_gmt":"2018-11-01T21:58:04","guid":{"rendered":"http:\/\/portalcatolico.net\/portal\/?p=60930"},"modified":"2018-11-01T18:58:25","modified_gmt":"2018-11-01T21:58:25","slug":"absolvicao-de-asia-bibi-e-sinal-de-esperanca-para-as-minorias-do-mundo","status":"publish","type":"post","link":"http:\/\/portalcatolico.net\/portal\/absolvicao-de-asia-bibi-e-sinal-de-esperanca-para-as-minorias-do-mundo\/","title":{"rendered":"Absolvi\u00e7\u00e3o de Asia Bibi \u00e9 sinal de esperan\u00e7a para as minorias do mundo"},"content":{"rendered":"<p>O presidente do Movimento de todas as minorias no Paquist\u00e3o, Paul Bhatti afirmou que a decis\u00e3o da Suprema Corte para anular a senten\u00e7a de morte de Asia Bibi, a mulher crist\u00e3 presa desde 2009 por um suposto delito de blasf\u00eamia, \u00e9 uma &#8220;grande esperan\u00e7a&#8221; para o pa\u00eds &#8220;e para as minorias&#8221; do mundo.<\/p>\n<p>Em uma entrevista publicada no dia 31 de outubro por Vatican News, Bhatti tamb\u00e9m disse que \u00e9 um grande sinal que, &#8220;apesar deste sofrimento&#8221;, Asia Bibi tenha permanecido &#8220;fiel ao seu credo&#8221;.<\/p>\n<p>Nesse sentido, Paul Bhatti recordou o seu irm\u00e3o Shabaz, ministro federal para as Minorias assassinado em 2011 por pedir uma revis\u00e3o da lei de blasf\u00eamia.<\/p>\n<p>Antes de morrer, &#8220;uma das batalhas do meu irm\u00e3o foi contra a blasf\u00eamia, contra as pessoas discriminadas ou acusadas injustamente. Esta \u00e9 uma grande batalha \u2013 acrescentou \u2013 que hoje deu fruto. \u00c9 uma esperan\u00e7a para o Paquist\u00e3o e para o resto do mundo&#8221;.<\/p>\n<p>Entretanto, o presidente do Movimento de todas as minorias assinalou que para Asia Bibi &#8220;n\u00e3o \u00e9 seguro ficar no Paquist\u00e3o&#8221;, pois h\u00e1 algumas semanas membros de grupos extremistas anunciaram &#8220;uma grande manifesta\u00e7\u00e3o que bloquearia todo o pa\u00eds&#8221;. Tamb\u00e9m reconheceu que existe o temor de que haja uma &#8220;repercuss\u00e3o contra os crist\u00e3os&#8221;.<\/p>\n<p>Apesar disso, para Paul Bhatti, a not\u00edcia da absolvi\u00e7\u00e3o de Asia Bibi &#8220;reflete a coragem da justi\u00e7a atual e do pa\u00eds que se dirige a uma conviv\u00eancia pac\u00edfica e ao respeito das minorias&#8221; e citou o chefe da Suprema Corte, Saqib Nisar, o mu\u00e7ulmano que declarou que &#8220;somos obrigados, pela f\u00e9, a defender os mais fracos e n\u00e3o os assassinar ou discriminar&#8221;.<\/p>\n<p>Por\u00e9m, Bhatti explicou que, \u00e0s vezes, fazem &#8220;lavagem cerebral em algumas crian\u00e7as com uma mensagem de \u00f3dio contra os crist\u00e3os, contra os ocidentais, contra todos os n\u00e3o mu\u00e7ulmanos&#8221;.<\/p>\n<p>Por isso, no Movimento que lidera, tentam indicar quais s\u00e3o &#8220;as escolas que educam com uma mensagem do \u00f3dio&#8221;, porque concluiu que &#8220;isto \u00e9 contra a humanidade e contra o Paquist\u00e3o&#8221;.(ACI Digital)<\/p>\n<p>Asia Bibi &#8211; Foto: Flickr Hazte O\u00edr (CC_BY_SA_20)<\/p>\n","protected":false},"excerpt":{"rendered":"<p>O presidente do Movimento de todas as minorias no Paquist\u00e3o, Paul Bhatti afirmou que a decis\u00e3o da Suprema Corte para anular a senten\u00e7a de morte de Asia Bibi, a mulher crist\u00e3 presa desde 2009 por um suposto delito de blasf\u00eamia, \u00e9 uma &#8220;grande esperan\u00e7a&#8221; para o pa\u00eds &#8220;e para as minorias&#8221; do mundo. Em uma&nbsp;<\/p>\n<p><a class=\"btn btn-style\" href=\"http:\/\/portalcatolico.net\/portal\/absolvicao-de-asia-bibi-e-sinal-de-esperanca-para-as-minorias-do-mundo\/\">Continue Reading<\/a><\/p>\n","protected":false},"author":2,"featured_media":60931,"comment_status":"open","ping_status":"open","sticky":false,"template":"","format":"standard","meta":{"footnotes":""},"categories":[5],"tags":[],"class_list":["post-60930","post","type-post","status-publish","format-standard","has-post-thumbnail","hentry","category-igreja_no_mundo"],"_links":{"self":[{"href":"http:\/\/portalcatolico.net\/portal\/wp-json\/wp\/v2\/posts\/60930","targetHints":{"allow":["GET"]}}],"collection":[{"href":"http:\/\/portalcatolico.net\/portal\/wp-json\/wp\/v2\/posts"}],"about":[{"href":"http:\/\/portalcatolico.net\/portal\/wp-json\/wp\/v2\/types\/post"}],"author":[{"embeddable":true,"href":"http:\/\/portalcatolico.net\/portal\/wp-json\/wp\/v2\/users\/2"}],"replies":[{"embeddable":true,"href":"http:\/\/portalcatolico.net\/portal\/wp-json\/wp\/v2\/comments?post=60930"}],"version-history":[{"count":1,"href":"http:\/\/portalcatolico.net\/portal\/wp-json\/wp\/v2\/posts\/60930\/revisions"}],"predecessor-version":[{"id":60932,"href":"http:\/\/portalcatolico.net\/portal\/wp-json\/wp\/v2\/posts\/60930\/revisions\/60932"}],"wp:featuredmedia":[{"embeddable":true,"href":"http:\/\/portalcatolico.net\/portal\/wp-json\/wp\/v2\/media\/60931"}],"wp:attachment":[{"href":"http:\/\/portalcatolico.net\/portal\/wp-json\/wp\/v2\/media?parent=60930"}],"wp:term":[{"taxonomy":"category","embeddable":true,"href":"http:\/\/portalcatolico.net\/portal\/wp-json\/wp\/v2\/categories?post=60930"},{"taxonomy":"post_tag","embeddable":true,"href":"http:\/\/portalcatolico.net\/portal\/wp-json\/wp\/v2\/tags?post=60930"}],"curies":[{"name":"wp","href":"https:\/\/api.w.org\/{rel}","templated":true}]}}