{"id":60925,"date":"2018-10-31T20:35:05","date_gmt":"2018-10-31T23:35:05","guid":{"rendered":"http:\/\/portalcatolico.net\/portal\/?p=60925"},"modified":"2018-10-31T20:35:05","modified_gmt":"2018-10-31T23:35:05","slug":"paroquia-em-canavieiras-celebra-os-40-anos-da-diocese-de-itabuna","status":"publish","type":"post","link":"http:\/\/portalcatolico.net\/portal\/paroquia-em-canavieiras-celebra-os-40-anos-da-diocese-de-itabuna\/","title":{"rendered":"Par\u00f3quia em Canavieiras celebra os 40 anos da Diocese de Itabuna"},"content":{"rendered":"<div dir=\"auto\">As comemora\u00e7\u00f5es dos 40 anos da Diocese de Itabuna ter\u00e3o in\u00edcio nos dias 3 e 4 de novembro, na Par\u00f3quia de S\u00e3o Boaventura na cidade de Canavieiras, no litoral sul baiano, por ser a par\u00f3quia mais antiga da Diocese (300 anos).&nbsp;<\/div>\n<div dir=\"auto\">A abertura oficial das celebra\u00e7\u00f5es tem in\u00edcio neste s\u00e1bado, 03 de novembro, \u00e1s 16h, saindo da entrada da cidade com a puxada no trio, pelas principais ruas e avenidas de Canavieiras. Na oportunidade, acontecer\u00e1 uma missa solene na igreja matriz e em seguida, show com a banda Colo de Deus.&nbsp;<\/div>\n<div dir=\"auto\">No dia 04,&nbsp; tem forma\u00e7\u00e3o com a comunidade Colo de Deus para os paroquianos da Par\u00f3quia S\u00e3o Boaventura.&nbsp;<\/div>\n<div dir=\"auto\">Os interessados em participar da forma\u00e7\u00e3o devem ligar para a secretaria paroquial:&nbsp; (73) 32843435, em hor\u00e1rio comercial.<\/div>\n<div dir=\"auto\">As comemora\u00e7\u00f5es seguem ao longo da semana com v\u00e1rias atividades religiosas. Vale ressaltar que no s\u00e1bado, 03 de novembro, todas as 14 paroquias da Faronia Centro na cidade de Itabuna, das 19 \u00e0s 22h, estar\u00e3o em Vig\u00edlia de Ora\u00e7\u00e3o.<\/div>\n<div dir=\"auto\">&nbsp; &nbsp; &nbsp; &nbsp; &nbsp; &nbsp; &nbsp; &nbsp; &nbsp; &nbsp; &nbsp; &nbsp; &nbsp; &nbsp; &nbsp; &nbsp; &nbsp; &nbsp; &nbsp; &nbsp; &nbsp; &nbsp; &nbsp; &nbsp; &nbsp; &nbsp;Confira a programa\u00e7\u00e3o em anexo.&nbsp;<\/div>\n<div dir=\"auto\">&nbsp;<\/div>\n<div dir=\"auto\"><img loading=\"lazy\" decoding=\"async\" class=\"wp-image-60927 aligncenter\" src=\"http:\/\/portalcatolico.net\/portal\/wp-content\/uploads\/2018\/10\/45081535_2382428011799813_2100285517944848384_n-300x300.jpg\" alt=\"\" width=\"724\" height=\"724\" srcset=\"http:\/\/portalcatolico.net\/portal\/wp-content\/uploads\/2018\/10\/45081535_2382428011799813_2100285517944848384_n-300x300.jpg 300w, http:\/\/portalcatolico.net\/portal\/wp-content\/uploads\/2018\/10\/45081535_2382428011799813_2100285517944848384_n-150x150.jpg 150w, http:\/\/portalcatolico.net\/portal\/wp-content\/uploads\/2018\/10\/45081535_2382428011799813_2100285517944848384_n-768x768.jpg 768w, http:\/\/portalcatolico.net\/portal\/wp-content\/uploads\/2018\/10\/45081535_2382428011799813_2100285517944848384_n.jpg 886w\" sizes=\"auto, (max-width: 724px) 100vw, 724px\" \/><\/div>\n","protected":false},"excerpt":{"rendered":"<p>As comemora\u00e7\u00f5es dos 40 anos da Diocese de Itabuna ter\u00e3o in\u00edcio nos dias 3 e 4 de novembro, na Par\u00f3quia de S\u00e3o Boaventura na cidade de Canavieiras, no litoral sul baiano, por ser a par\u00f3quia mais antiga da Diocese (300 anos).&nbsp; A abertura oficial das celebra\u00e7\u00f5es tem in\u00edcio neste s\u00e1bado, 03 de novembro, \u00e1s 16h,&nbsp;<\/p>\n<p><a class=\"btn btn-style\" href=\"http:\/\/portalcatolico.net\/portal\/paroquia-em-canavieiras-celebra-os-40-anos-da-diocese-de-itabuna\/\">Continue Reading<\/a><\/p>\n","protected":false},"author":2,"featured_media":60926,"comment_status":"open","ping_status":"open","sticky":false,"template":"","format":"standard","meta":{"footnotes":""},"categories":[1],"tags":[],"class_list":["post-60925","post","type-post","status-publish","format-standard","has-post-thumbnail","hentry","category-agenda"],"_links":{"self":[{"href":"http:\/\/portalcatolico.net\/portal\/wp-json\/wp\/v2\/posts\/60925","targetHints":{"allow":["GET"]}}],"collection":[{"href":"http:\/\/portalcatolico.net\/portal\/wp-json\/wp\/v2\/posts"}],"about":[{"href":"http:\/\/portalcatolico.net\/portal\/wp-json\/wp\/v2\/types\/post"}],"author":[{"embeddable":true,"href":"http:\/\/portalcatolico.net\/portal\/wp-json\/wp\/v2\/users\/2"}],"replies":[{"embeddable":true,"href":"http:\/\/portalcatolico.net\/portal\/wp-json\/wp\/v2\/comments?post=60925"}],"version-history":[{"count":1,"href":"http:\/\/portalcatolico.net\/portal\/wp-json\/wp\/v2\/posts\/60925\/revisions"}],"predecessor-version":[{"id":60928,"href":"http:\/\/portalcatolico.net\/portal\/wp-json\/wp\/v2\/posts\/60925\/revisions\/60928"}],"wp:featuredmedia":[{"embeddable":true,"href":"http:\/\/portalcatolico.net\/portal\/wp-json\/wp\/v2\/media\/60926"}],"wp:attachment":[{"href":"http:\/\/portalcatolico.net\/portal\/wp-json\/wp\/v2\/media?parent=60925"}],"wp:term":[{"taxonomy":"category","embeddable":true,"href":"http:\/\/portalcatolico.net\/portal\/wp-json\/wp\/v2\/categories?post=60925"},{"taxonomy":"post_tag","embeddable":true,"href":"http:\/\/portalcatolico.net\/portal\/wp-json\/wp\/v2\/tags?post=60925"}],"curies":[{"name":"wp","href":"https:\/\/api.w.org\/{rel}","templated":true}]}}