{"id":60922,"date":"2018-10-31T19:40:52","date_gmt":"2018-10-31T22:40:52","guid":{"rendered":"http:\/\/portalcatolico.net\/portal\/?p=60922"},"modified":"2018-10-31T19:40:52","modified_gmt":"2018-10-31T22:40:52","slug":"missas-em-cemiterios-de-salvador-marcam-o-dia-de-finados","status":"publish","type":"post","link":"http:\/\/portalcatolico.net\/portal\/missas-em-cemiterios-de-salvador-marcam-o-dia-de-finados\/","title":{"rendered":"Missas em cemit\u00e9rios de Salvador marcam o Dia de Finados"},"content":{"rendered":"<p>Quem visitar os cemit\u00e9rios da capital baiana no Dia de Finados (2 de novembro) poder\u00e1 participar de Missas pelos falecidos, presididas pelo Arcebispo de Salvador e Primaz do Brasil, Dom Murilo Krieger, e pelos bispos auxiliares, Dom Marco Eug\u00eanio Galr\u00e3o, Dom Estevam dos Santos Silva Filho e Dom H\u00e9lio Pereira dos Santos.<\/p>\n<p>No cemit\u00e9rio Campo Santo (Federa\u00e7\u00e3o) ser\u00e3o celebradas duas Missas. A primeira ter\u00e1 in\u00edcio \u00e0s 9h, e ser\u00e1 presidida por Dom Murilo; e a segunda, \u00e0s 15h30, celebrada por Dom Marco, que tamb\u00e9m presidir\u00e1 a Missa de Finados no cemit\u00e9rio Bosque da Paz (Estrada Velha do Aeroporto), \u00e0s 8h30.<\/p>\n<p>J\u00e1 nos cemit\u00e9rios Quinta dos L\u00e1zaros (Baixa de Quintas) e Jardim da Saudade (Brotas) ser\u00e3o celebradas Missas \u00e0s 9h30, presididas por H\u00e9lio e por Dom Estevam, respectivamente.<\/p>\n<p>&nbsp;<\/p>\n<p><strong>&nbsp; &nbsp; &nbsp; &nbsp; &nbsp; &nbsp; &nbsp; &nbsp; &nbsp; &nbsp; &nbsp; &nbsp; &nbsp; &nbsp; &nbsp; &nbsp; &nbsp; &nbsp; &nbsp; &nbsp; &nbsp; &nbsp; &nbsp; &nbsp; &nbsp; &nbsp; &nbsp; &nbsp; Programa\u00e7\u00e3o das par\u00f3quias:<\/strong><\/p>\n<p><strong>&nbsp;<\/strong><\/p>\n<p>Par\u00f3quia S\u00e3o Jos\u00e9 Oper\u00e1rio (Pernambu\u00e9s): Missa \u00e0s 7h30 (Matriz);<\/p>\n<p>Par\u00f3quia S\u00e3o Crist\u00f3v\u00e3o (S\u00e3o Crist\u00f3v\u00e3o): Missas \u00e0s 7h30 e 18h (ambas na Matriz);<\/p>\n<p>Par\u00f3quia Santo Agostinho (Areia Branca): 8h (Matriz) e 10h (comunidade S\u00e3o Judas Tadeu);<\/p>\n<p>Par\u00f3quia Nossa Senhora Aparecida e Santa Catarina de Sena: Missas \u00e0s 7h e 19h30 (Matriz); 7h (Comunidade Santa Catarina de Sena); 8h (Comunidade S\u00e3o Jos\u00e9); 19h30 (Comunidade S\u00e3o Norberto). Tamb\u00e9m neste dia os fi\u00e9is participam de celebra\u00e7\u00f5es \u00e0s 8h (Comunidades Santa B\u00e1rbara e Santa Terezinha); 8h e 19h30 (Comunidade S\u00e3o Paulo), 10h (Comunidade Esp\u00edrito Santo); 19h30 (Comunidades Bom Pastor, S\u00e3o Marcos, Santa Rita, Sagrada Fam\u00edlia e Santo Expedito);<\/p>\n<p>Par\u00f3quia S\u00e3o Jo\u00e3o Evangelista (Mussurunga): 7h e 19h (Matriz; 7h (Comunidade Maria de Nazar\u00e9);<\/p>\n<p>Par\u00f3quia Nossa Senhora da Concei\u00e7\u00e3o (Lapinha): Missas \u00e0s 7h30 (Matriz);<\/p>\n<p>Par\u00f3quia S\u00e3o Lucas Evangelista (Marechal Rondon): Missa \u00e0s 8h (Matriz);<\/p>\n<p>Par\u00f3quia Nossa Senhora do Carmo (Sete Abril): 7h30 (Comunidade S\u00e3o Jos\u00e9), 9h (Comunidade S\u00e3o Francisco Xavier); 11h (Cemit\u00e9rio Bosque da Paz);<\/p>\n<p>Par\u00f3quia Nossa Senhora do Perp\u00e9tuo Socorro (Mata Escura): Missas \u00e0s 7h (Matriz e Comunidade Santa Edwiges) e \u00e0s 9h (Comunidades Santo In\u00e1cio, S\u00e3o Paulo e S\u00e3o Tom\u00e9);<\/p>\n<p>Par\u00f3quia Nossa Senhora do Resgate (Resgate): Missas \u00e0s 6h30 e 17h (Matriz);<\/p>\n<p>Par\u00f3quia S\u00e3o Tiago Maior (Boca da Mata): Missa \u00e0s 8h (Matriz);<\/p>\n<p>Santu\u00e1rio Nossa Senhora da Concei\u00e7\u00e3o Aparecida (Imbu\u00ed): Missas \u00e0s 7h, 12h e 19h;<\/p>\n<p>Par\u00f3quia Cristo Libertador, Rei do Universo (Vila Can\u00e1ria): Missa \u00e0s 8h30 (Matriz);<\/p>\n<p>Par\u00f3quia Nossa Senhora de Nazar\u00e9 (Nazar\u00e9): Missa \u00e0s 8h (Matriz);<\/p>\n<p>Par\u00f3quia Santo Amaro de Ipitanga (Lauro de Freitas): Of\u00edcio das Almas, \u00e0s 7h, seguido de Missa (Centro Paroquial); O Of\u00edcio das Almas tamb\u00e9m ser\u00e1 recitado \u00e0s 11h30 e, logo ap\u00f3s, haver\u00e1 Missa (Centro Paroquial); Missa \u00e0s 7h30 (Comunidade Bom Pastor).<\/p>\n<p>Par\u00f3quia Divino Esp\u00edrito Santo (Vale dos Lagos): Missa \u00e0s 7h30 (Matriz);<\/p>\n<p>Par\u00f3quia Nossa Senhora da Concei\u00e7\u00e3o (Itapu\u00e3): Missas \u00e0s 7h (Matriz) e \u00e0s 9h30 (Cemit\u00e9rio de Itapu\u00e3);<\/p>\n<p>Par\u00f3quia Nossa Senhora da Concei\u00e7\u00e3o (Val\u00e9ria): Missas \u00e0s 7h (Matriz e Comunidade S\u00e3o Jos\u00e9 Oper\u00e1rio);<\/p>\n<p>Par\u00f3quia Santa Teresinha Doutora da Igreja (Alto da Terezinha): 7h30 (Comunidade S\u00e3o Jos\u00e9), 9h (Comunidade Nossa Senhora da Escada), 10h30 (Comunidade Nossa Senhora do Perp\u00e9tuo Socorro) e 18h30 (Matriz);<\/p>\n<p>Par\u00f3quia Sagrada Fam\u00edlia (Nova Bras\u00edlia de Itapu\u00e3): 8h (Matriz);<\/p>\n<p>Par\u00f3quia Ascens\u00e3o do Senhor (CAB): Missas \u00e0s 11h (Matriz);<\/p>\n<p>Par\u00f3quia Nossa Senhora dos Alagados e S\u00e3o Jo\u00e3o Paulo II (Alagados): 9h (Matriz); 19h (Capela Nossa Senhora da Boa Esperan\u00e7a);<\/p>\n<p>Par\u00f3quia Nossa Senhora das Dores (Lobato): Missa \u00e0s 8h (Comunidade S\u00e3o Jo\u00e3o Maria Vianney).<\/p>\n<p>Foto:Divulga\u00e7\u00e3o&nbsp;<\/p>\n<p>Informa\u00e7\u00f5es da Jornalista, Sara Gomes\/Arquidiocese de Salvador<\/p>\n","protected":false},"excerpt":{"rendered":"<p>Quem visitar os cemit\u00e9rios da capital baiana no Dia de Finados (2 de novembro) poder\u00e1 participar de Missas pelos falecidos, presididas pelo Arcebispo de Salvador e Primaz do Brasil, Dom Murilo Krieger, e pelos bispos auxiliares, Dom Marco Eug\u00eanio Galr\u00e3o, Dom Estevam dos Santos Silva Filho e Dom H\u00e9lio Pereira dos Santos. No cemit\u00e9rio Campo&nbsp;<\/p>\n<p><a class=\"btn btn-style\" href=\"http:\/\/portalcatolico.net\/portal\/missas-em-cemiterios-de-salvador-marcam-o-dia-de-finados\/\">Continue Reading<\/a><\/p>\n","protected":false},"author":2,"featured_media":60923,"comment_status":"open","ping_status":"open","sticky":false,"template":"","format":"standard","meta":{"footnotes":""},"categories":[4],"tags":[],"class_list":["post-60922","post","type-post","status-publish","format-standard","has-post-thumbnail","hentry","category-destaques"],"_links":{"self":[{"href":"http:\/\/portalcatolico.net\/portal\/wp-json\/wp\/v2\/posts\/60922","targetHints":{"allow":["GET"]}}],"collection":[{"href":"http:\/\/portalcatolico.net\/portal\/wp-json\/wp\/v2\/posts"}],"about":[{"href":"http:\/\/portalcatolico.net\/portal\/wp-json\/wp\/v2\/types\/post"}],"author":[{"embeddable":true,"href":"http:\/\/portalcatolico.net\/portal\/wp-json\/wp\/v2\/users\/2"}],"replies":[{"embeddable":true,"href":"http:\/\/portalcatolico.net\/portal\/wp-json\/wp\/v2\/comments?post=60922"}],"version-history":[{"count":1,"href":"http:\/\/portalcatolico.net\/portal\/wp-json\/wp\/v2\/posts\/60922\/revisions"}],"predecessor-version":[{"id":60924,"href":"http:\/\/portalcatolico.net\/portal\/wp-json\/wp\/v2\/posts\/60922\/revisions\/60924"}],"wp:featuredmedia":[{"embeddable":true,"href":"http:\/\/portalcatolico.net\/portal\/wp-json\/wp\/v2\/media\/60923"}],"wp:attachment":[{"href":"http:\/\/portalcatolico.net\/portal\/wp-json\/wp\/v2\/media?parent=60922"}],"wp:term":[{"taxonomy":"category","embeddable":true,"href":"http:\/\/portalcatolico.net\/portal\/wp-json\/wp\/v2\/categories?post=60922"},{"taxonomy":"post_tag","embeddable":true,"href":"http:\/\/portalcatolico.net\/portal\/wp-json\/wp\/v2\/tags?post=60922"}],"curies":[{"name":"wp","href":"https:\/\/api.w.org\/{rel}","templated":true}]}}