{"id":60836,"date":"2018-10-30T23:26:40","date_gmt":"2018-10-31T02:26:40","guid":{"rendered":"http:\/\/portalcatolico.net\/portal\/?p=60836"},"modified":"2018-10-30T23:51:15","modified_gmt":"2018-10-31T02:51:15","slug":"novo-paroco-toma-posse-de-paroquia-em-itabuna-confira","status":"publish","type":"post","link":"http:\/\/portalcatolico.net\/portal\/novo-paroco-toma-posse-de-paroquia-em-itabuna-confira\/","title":{"rendered":"Novo p\u00e1roco toma posse de par\u00f3quia em Itabuna. Confira!"},"content":{"rendered":"<p style=\"font-weight: 400;\">O novo p\u00e1roco da Par\u00f3quia Santa Maria Goretti, situada no bairro&nbsp;Mangabinha, o&nbsp; Padre&nbsp; Adilson Santana do Carmo,( Passionista), tomou&nbsp;posse nesta ter\u00e7a-feira, dia 30 de outubro de 2018, na igreja matriz em&nbsp;Itabuna, no sul da Bahia, \u00e0s 19 horas.<\/p>\n<p style=\"font-weight: 400;\">O Bispo da Diocese de&nbsp;Itabuna, Dom Carlos Alberto dos Santos, presidiu a missa de posse,&nbsp;concelebrada pelos padres passionistas e alguns sacerdotes da Diocese, al\u00e9m de seminaristas do Semin\u00e1rio Proped\u00eautico da Diocese.<br \/>\nA celebra\u00e7\u00e3o contou com a participa\u00e7\u00e3o de centenas de fieis das&nbsp;comunidades e in\u00fameros paroquianos, al\u00e9m dos familiares do Pe, Adilson&nbsp;Santana do Carmo.<\/p>\n<p style=\"font-weight: 400;\">Toda a cerim\u00f4nia foi marcada por fortes emo\u00e7\u00f5es.&nbsp;Na oportunidade, Pe. Adilson disse:&#8221;Me sinto amado e acolhido por voc\u00eas&#8221;.<br \/>\nConforme o ritual de posse,foi lido pelo Padre Jos\u00e9 Roberto, o teor da&nbsp;provis\u00e3o, conforme os c\u00e2nones da Igreja.<br \/>\nDentre os momentos mais marcantes, destacaram-se a entrega do&nbsp;Evangeli\u00e1rio pelo Bispo Dom Carlos Alberto ao Padre&nbsp; Adilson Santana do&nbsp;Carmo, para que este proclamasse o Evangelho do dia. Seguindo-se a&nbsp;profiss\u00e3o de f\u00e9 e o juramento de fidelidade.<\/p>\n<p style=\"font-weight: 400;\">Na celebra\u00e7\u00e3o, Dom Carlos&nbsp;Alberto&nbsp; entregou tamb\u00e9m ao novo p\u00e1roco os sinais que fazem parte do&nbsp;minist\u00e9rio: a B\u00edblia Sagrada, as chaves da Igreja e a chave do Sacr\u00e1rio.&nbsp;<br \/>\n&#8220;A vida espiritual \u00e9 alimentada pela Eucaristia. Ela \u00e9 o \u00e1pice da vida&nbsp;crist\u00e3, em que se realiza a unidade do povo de Deus e se completa a&nbsp;constru\u00e7\u00e3o do Corpo de Cristo. Cabe ao p\u00e1roco zelar para que a&nbsp;Eucaristia seja o centro de toda a vida da par\u00f3quia&#8221;, explicou o bispo.<\/p>\n<p style=\"font-weight: 400;\">Destacaram-se ainda a homilia do Bispo Diocesano, que teve como suportes,&nbsp;o zelo pela acolhida ao novo pastor e o fiel seguimento de uma Par\u00f3quia,&nbsp;e os cuidados ao seu rebanho.&nbsp;&#8220;Estamos no fim de um m\u00eas mission\u00e1rio e todos n\u00f3s fomos convidados a sermos mission\u00e1rios e sermos instrumentos de amor por onde estivermos&#8221;, disse o Bispo.&nbsp;<br \/>\nAo final da celebra\u00e7\u00e3o, Dom Carlos Alberto agradeceu ao Pe. Martins&nbsp;Alves&nbsp;&nbsp;pelo bel\u00edssimo trabalho de evangeliza\u00e7\u00e3o realizado no per\u00edodo&nbsp;em que o sacerdote ficou respons\u00e1vel pela par\u00f3quia.<\/p>\n<p>\u00c1lbuns de fotos.<strong><a href=\"http:\/\/portalcatolico.net\/portal\/posse-do-pe-adilson-santana\/\">CLIQUE AQUI<\/a>&nbsp;<\/strong><\/p>\n","protected":false},"excerpt":{"rendered":"<p>O novo p\u00e1roco da Par\u00f3quia Santa Maria Goretti, situada no bairro&nbsp;Mangabinha, o&nbsp; Padre&nbsp; Adilson Santana do Carmo,( Passionista), tomou&nbsp;posse nesta ter\u00e7a-feira, dia 30 de outubro de 2018, na igreja matriz em&nbsp;Itabuna, no sul da Bahia, \u00e0s 19 horas. O Bispo da Diocese de&nbsp;Itabuna, Dom Carlos Alberto dos Santos, presidiu a missa de posse,&nbsp;concelebrada pelos padres&nbsp;<\/p>\n<p><a class=\"btn btn-style\" href=\"http:\/\/portalcatolico.net\/portal\/novo-paroco-toma-posse-de-paroquia-em-itabuna-confira\/\">Continue Reading<\/a><\/p>\n","protected":false},"author":2,"featured_media":60837,"comment_status":"open","ping_status":"open","sticky":false,"template":"","format":"standard","meta":{"footnotes":""},"categories":[68],"tags":[],"class_list":["post-60836","post","type-post","status-publish","format-standard","has-post-thumbnail","hentry","category-homilias"],"_links":{"self":[{"href":"http:\/\/portalcatolico.net\/portal\/wp-json\/wp\/v2\/posts\/60836","targetHints":{"allow":["GET"]}}],"collection":[{"href":"http:\/\/portalcatolico.net\/portal\/wp-json\/wp\/v2\/posts"}],"about":[{"href":"http:\/\/portalcatolico.net\/portal\/wp-json\/wp\/v2\/types\/post"}],"author":[{"embeddable":true,"href":"http:\/\/portalcatolico.net\/portal\/wp-json\/wp\/v2\/users\/2"}],"replies":[{"embeddable":true,"href":"http:\/\/portalcatolico.net\/portal\/wp-json\/wp\/v2\/comments?post=60836"}],"version-history":[{"count":2,"href":"http:\/\/portalcatolico.net\/portal\/wp-json\/wp\/v2\/posts\/60836\/revisions"}],"predecessor-version":[{"id":60921,"href":"http:\/\/portalcatolico.net\/portal\/wp-json\/wp\/v2\/posts\/60836\/revisions\/60921"}],"wp:featuredmedia":[{"embeddable":true,"href":"http:\/\/portalcatolico.net\/portal\/wp-json\/wp\/v2\/media\/60837"}],"wp:attachment":[{"href":"http:\/\/portalcatolico.net\/portal\/wp-json\/wp\/v2\/media?parent=60836"}],"wp:term":[{"taxonomy":"category","embeddable":true,"href":"http:\/\/portalcatolico.net\/portal\/wp-json\/wp\/v2\/categories?post=60836"},{"taxonomy":"post_tag","embeddable":true,"href":"http:\/\/portalcatolico.net\/portal\/wp-json\/wp\/v2\/tags?post=60836"}],"curies":[{"name":"wp","href":"https:\/\/api.w.org\/{rel}","templated":true}]}}