{"id":60830,"date":"2018-10-29T22:03:42","date_gmt":"2018-10-30T01:03:42","guid":{"rendered":"http:\/\/portalcatolico.net\/portal\/?p=60830"},"modified":"2018-10-29T22:04:37","modified_gmt":"2018-10-30T01:04:37","slug":"paroquia-em-santa-luzia-se-despede-do-padre-marcos-roberto","status":"publish","type":"post","link":"http:\/\/portalcatolico.net\/portal\/paroquia-em-santa-luzia-se-despede-do-padre-marcos-roberto\/","title":{"rendered":"Par\u00f3quia em Santa Luzia se despede do Padre Marcos Roberto"},"content":{"rendered":"<p style=\"font-weight: 400;\">A Pastoral da Comunica\u00e7\u00e3o da Par\u00f3quia de Santa Luzia em Pau Brasil (BA), na mesma&nbsp;divulgou neste domingo, 28 de outubro, uma mat\u00e9ria na rede social&nbsp;da par\u00f3quia, informando que durante nove dias foi realizada&nbsp;a Novena das&nbsp;m\u00e3os ensanguentadas e este evento de evangeliza\u00e7\u00e3o foi o \u00faltimo presidido pelo Padre Marcos Roberto Souza Oliveira, p\u00e1roco da igreja matriz de Santa Luzia. Ele se despede da par\u00f3quia no pr\u00f3ximo&nbsp;domingo, dia 04\/11.<\/p>\n<p style=\"font-weight: 400;\">A \u00faltima Missa da Novena das M\u00e3os Ensanguentadas&nbsp;de Jesus, foi realizada no s\u00e1bado, 27 de outubro, \u00e0s 19h.<\/p>\n<p>Confira a mensagem publicada na rede social: &#8220;Hoje, dia 28\/10 na celebra\u00e7\u00e3o da missa,Padre Marcos recebe das M\u00e3os do vereador Marcinho o t\u00edtulo de cidad\u00e3o&nbsp;Pau Brasilense, reafirmando seu papel de cidad\u00e3o e pai espiritual dessa&nbsp;comunidade.<br \/>\nFoi mais que merecido, afinal padre Marcos se despede de nossa par\u00f3quia&nbsp;no pr\u00f3ximo domingo dia 04\/11\/2018.<\/p>\n<p style=\"font-weight: 400;\">Deixando uma grande li\u00e7\u00e3o de amor e cumplicidade aos fi\u00e9is. Padre Marcos, Pau Brasil te ama!!&#8221;.<\/p>\n<p><img loading=\"lazy\" decoding=\"async\" class=\"wp-image-60833 aligncenter\" src=\"http:\/\/portalcatolico.net\/portal\/wp-content\/uploads\/2018\/10\/44997140_286491935302450_6420876043371937792_n-212x300.jpg\" alt=\"\" width=\"721\" height=\"1020\" srcset=\"http:\/\/portalcatolico.net\/portal\/wp-content\/uploads\/2018\/10\/44997140_286491935302450_6420876043371937792_n-212x300.jpg 212w, http:\/\/portalcatolico.net\/portal\/wp-content\/uploads\/2018\/10\/44997140_286491935302450_6420876043371937792_n.jpg 678w\" sizes=\"auto, (max-width: 721px) 100vw, 721px\" \/><\/p>\n","protected":false},"excerpt":{"rendered":"<p>A Pastoral da Comunica\u00e7\u00e3o da Par\u00f3quia de Santa Luzia em Pau Brasil (BA), na mesma&nbsp;divulgou neste domingo, 28 de outubro, uma mat\u00e9ria na rede social&nbsp;da par\u00f3quia, informando que durante nove dias foi realizada&nbsp;a Novena das&nbsp;m\u00e3os ensanguentadas e este evento de evangeliza\u00e7\u00e3o foi o \u00faltimo presidido pelo Padre Marcos Roberto Souza Oliveira, p\u00e1roco da igreja matriz&nbsp;<\/p>\n<p><a class=\"btn btn-style\" href=\"http:\/\/portalcatolico.net\/portal\/paroquia-em-santa-luzia-se-despede-do-padre-marcos-roberto\/\">Continue Reading<\/a><\/p>\n","protected":false},"author":2,"featured_media":60831,"comment_status":"open","ping_status":"open","sticky":false,"template":"","format":"standard","meta":{"footnotes":""},"categories":[4],"tags":[],"class_list":["post-60830","post","type-post","status-publish","format-standard","has-post-thumbnail","hentry","category-destaques"],"_links":{"self":[{"href":"http:\/\/portalcatolico.net\/portal\/wp-json\/wp\/v2\/posts\/60830","targetHints":{"allow":["GET"]}}],"collection":[{"href":"http:\/\/portalcatolico.net\/portal\/wp-json\/wp\/v2\/posts"}],"about":[{"href":"http:\/\/portalcatolico.net\/portal\/wp-json\/wp\/v2\/types\/post"}],"author":[{"embeddable":true,"href":"http:\/\/portalcatolico.net\/portal\/wp-json\/wp\/v2\/users\/2"}],"replies":[{"embeddable":true,"href":"http:\/\/portalcatolico.net\/portal\/wp-json\/wp\/v2\/comments?post=60830"}],"version-history":[{"count":2,"href":"http:\/\/portalcatolico.net\/portal\/wp-json\/wp\/v2\/posts\/60830\/revisions"}],"predecessor-version":[{"id":60834,"href":"http:\/\/portalcatolico.net\/portal\/wp-json\/wp\/v2\/posts\/60830\/revisions\/60834"}],"wp:featuredmedia":[{"embeddable":true,"href":"http:\/\/portalcatolico.net\/portal\/wp-json\/wp\/v2\/media\/60831"}],"wp:attachment":[{"href":"http:\/\/portalcatolico.net\/portal\/wp-json\/wp\/v2\/media?parent=60830"}],"wp:term":[{"taxonomy":"category","embeddable":true,"href":"http:\/\/portalcatolico.net\/portal\/wp-json\/wp\/v2\/categories?post=60830"},{"taxonomy":"post_tag","embeddable":true,"href":"http:\/\/portalcatolico.net\/portal\/wp-json\/wp\/v2\/tags?post=60830"}],"curies":[{"name":"wp","href":"https:\/\/api.w.org\/{rel}","templated":true}]}}