{"id":60827,"date":"2018-10-30T04:58:50","date_gmt":"2018-10-30T07:58:50","guid":{"rendered":"http:\/\/portalcatolico.net\/portal\/?p=60827"},"modified":"2018-10-30T06:06:19","modified_gmt":"2018-10-30T09:06:19","slug":"participe-do-almoco-solidario-da-comunidade-de-alianca-filhos-de-israel-em-itabuna","status":"publish","type":"post","link":"http:\/\/portalcatolico.net\/portal\/participe-do-almoco-solidario-da-comunidade-de-alianca-filhos-de-israel-em-itabuna\/","title":{"rendered":"Participe do Almo\u00e7o solid\u00e1rio da Comunidade de Alian\u00e7a Filhos de Israel em Itabuna"},"content":{"rendered":"<p style=\"font-weight: 400;\">A Comunidade de Alian\u00e7a Filhos de Israel, situada no bairro Parque Boa&nbsp;Vista, em Itabuna (BA), estar\u00e1 promovendo o &#8220;Almo\u00e7o solid\u00e1rio&#8221; em prol da constru\u00e7\u00e3o da&nbsp;casa de miss\u00e3o da comunidade Filhos de Israel.<\/p>\n<p style=\"font-weight: 400;\">A comunidade pertence \u00e0&nbsp;par\u00f3quia Nossa Senhora Aparecida do bairro Calif\u00f3rnia, na Diocese de&nbsp;Itabuna. Na compra do bilhete para o almo\u00e7o, voc\u00ea estar\u00e1 contribuindo&nbsp;para a casa de miss\u00e3o da Comunidade Filhos de Israel.<\/p>\n<p style=\"font-weight: 400;\">Segundo um dos coordenadores da Comunidade Filhos de Israel, algumas&nbsp; etapas j\u00e1 foram conclu\u00eddas.&nbsp;&nbsp;&#8220;Gra\u00e7as a Deus, conseguimos concluir a primeira etapa da&nbsp;constru\u00e7\u00e3o. Levantamos as paredes da Capela de S\u00e3o Miguel, mas h\u00e1 muito&nbsp;a ser feito. Estamos na parte dos banheiros, lavanderia, refeit\u00f3rio e&nbsp;cozinha e precisamos mais uma vez da sua ajuda&#8221;.<\/p>\n<p style=\"font-weight: 400;\">Para isso, portanto, os membros da&nbsp;&nbsp;Comunidade estar\u00e3o realizando no dia 25 de novembro, o almo\u00e7o&nbsp;solid\u00e1rio que ter\u00e1 como prato principal, o pernil assado.<\/p>\n<p style=\"font-weight: 400;\">Colabore com este trabalho de evangeliza\u00e7\u00e3o.&nbsp;O&nbsp;bilhete custa apenas R$ 7,00 (sete reais) e dar\u00e1 direto&nbsp; a uma marmita.&nbsp; A distribui\u00e7\u00e3o das marmitas ser\u00e1 a partir das 11h30 na casa de miss\u00e3o, situada na rua 1\u00aa de maio ,n\u00famero 4,no&nbsp; bairro&nbsp;Parque Boa Vista.<\/p>\n<p style=\"font-weight: 400;\">&nbsp;Para outras informa\u00e7\u00f5es, entre em contato com Jos\u00e9&nbsp; Iramar ou sua&nbsp;esposa Dina Xavier pelos telefones (73) 9965-7821, 99965-8527 .<\/p>\n","protected":false},"excerpt":{"rendered":"<p>A Comunidade de Alian\u00e7a Filhos de Israel, situada no bairro Parque Boa&nbsp;Vista, em Itabuna (BA), estar\u00e1 promovendo o &#8220;Almo\u00e7o solid\u00e1rio&#8221; em prol da constru\u00e7\u00e3o da&nbsp;casa de miss\u00e3o da comunidade Filhos de Israel. A comunidade pertence \u00e0&nbsp;par\u00f3quia Nossa Senhora Aparecida do bairro Calif\u00f3rnia, na Diocese de&nbsp;Itabuna. Na compra do bilhete para o almo\u00e7o, voc\u00ea estar\u00e1 contribuindo&nbsp;para&nbsp;<\/p>\n<p><a class=\"btn btn-style\" href=\"http:\/\/portalcatolico.net\/portal\/participe-do-almoco-solidario-da-comunidade-de-alianca-filhos-de-israel-em-itabuna\/\">Continue Reading<\/a><\/p>\n","protected":false},"author":2,"featured_media":60828,"comment_status":"open","ping_status":"open","sticky":false,"template":"","format":"standard","meta":{"footnotes":""},"categories":[4],"tags":[],"class_list":["post-60827","post","type-post","status-publish","format-standard","has-post-thumbnail","hentry","category-destaques"],"_links":{"self":[{"href":"http:\/\/portalcatolico.net\/portal\/wp-json\/wp\/v2\/posts\/60827","targetHints":{"allow":["GET"]}}],"collection":[{"href":"http:\/\/portalcatolico.net\/portal\/wp-json\/wp\/v2\/posts"}],"about":[{"href":"http:\/\/portalcatolico.net\/portal\/wp-json\/wp\/v2\/types\/post"}],"author":[{"embeddable":true,"href":"http:\/\/portalcatolico.net\/portal\/wp-json\/wp\/v2\/users\/2"}],"replies":[{"embeddable":true,"href":"http:\/\/portalcatolico.net\/portal\/wp-json\/wp\/v2\/comments?post=60827"}],"version-history":[{"count":1,"href":"http:\/\/portalcatolico.net\/portal\/wp-json\/wp\/v2\/posts\/60827\/revisions"}],"predecessor-version":[{"id":60829,"href":"http:\/\/portalcatolico.net\/portal\/wp-json\/wp\/v2\/posts\/60827\/revisions\/60829"}],"wp:featuredmedia":[{"embeddable":true,"href":"http:\/\/portalcatolico.net\/portal\/wp-json\/wp\/v2\/media\/60828"}],"wp:attachment":[{"href":"http:\/\/portalcatolico.net\/portal\/wp-json\/wp\/v2\/media?parent=60827"}],"wp:term":[{"taxonomy":"category","embeddable":true,"href":"http:\/\/portalcatolico.net\/portal\/wp-json\/wp\/v2\/categories?post=60827"},{"taxonomy":"post_tag","embeddable":true,"href":"http:\/\/portalcatolico.net\/portal\/wp-json\/wp\/v2\/tags?post=60827"}],"curies":[{"name":"wp","href":"https:\/\/api.w.org\/{rel}","templated":true}]}}