{"id":60823,"date":"2018-10-30T19:00:45","date_gmt":"2018-10-30T22:00:45","guid":{"rendered":"http:\/\/portalcatolico.net\/portal\/?p=60823"},"modified":"2018-11-01T18:41:55","modified_gmt":"2018-11-01T21:41:55","slug":"diocese-de-itabuna-divulga-programacao-para-o-dia-de-finados","status":"publish","type":"post","link":"http:\/\/portalcatolico.net\/portal\/diocese-de-itabuna-divulga-programacao-para-o-dia-de-finados\/","title":{"rendered":"Diocese de Itabuna divulga programa\u00e7\u00e3o para o Dia de Finados"},"content":{"rendered":"<p style=\"font-weight: 400;\">A programa\u00e7\u00e3o especial de missas foi organizada&nbsp; pela Diocese de&nbsp;Itabuna nos tr\u00eas cemit\u00e9rios da cidade para serem celebradas nesta&nbsp;sexta-feira, 02 de novembro, dia de Finados. \u00c9 neste dia que muitas&nbsp;pessoas se dedicam a rezar por aqueles que j\u00e1 se foram, e celebrar a f\u00e9&nbsp;na ressurrei\u00e7\u00e3o.<\/p>\n<p style=\"font-weight: 400;\">O Cemit\u00e9rio Campo Santo em Itabuna, gerenciado pela Santa Casa de Miseric\u00f3rdia de Itabuna, receber\u00e1 uma programa\u00e7\u00e3o extensa de missas por Par\u00f3quias da cidade organizada pela Diocese de Itabuna.<\/p>\n<p style=\"font-weight: 400;\">A \u00faltima missa do dia ser\u00e1 celebrada pelo Bispo Diocesano Dom Carlos&nbsp;Alberto dos Santos, \u00e0s 17 horas, no cemit\u00e9rio Campo Santo (que fica situado na Rua Ant\u00f4nio Muniz, sem n\u00famero,&nbsp;no centro de Itabuna, pr\u00f3ximo ao Hospital Calixto Midlej).<\/p>\n<p style=\"font-weight: 400;\">Confira a programa\u00e7\u00e3o completa nos tr\u00eas cemit\u00e9rios da cidade:<\/p>\n<p style=\"font-weight: 400;\"><strong>&nbsp; &nbsp; &nbsp; &nbsp; &nbsp; &nbsp; &nbsp; &nbsp; &nbsp; &nbsp; &nbsp; &nbsp; &nbsp; &nbsp; &nbsp; &nbsp; &nbsp; &nbsp; &nbsp; &nbsp; &nbsp; &nbsp; &nbsp; &nbsp; &nbsp; &nbsp; &nbsp; &nbsp;Cemit\u00e9rio Campo Santo<\/strong><br \/>\n7h \u2013 Par\u00f3quia Nossa Senhora da Piedade (Pe. Frei Ivanilton Oliveira&nbsp;dos Santos)<br \/>\n8h \u2013 Par\u00f3quia Santo Ant\u00f4nio ( Pe. Jose Andrade Paz)<br \/>\n9h \u2013 Par\u00f3quia Santa Maria Goretti&nbsp; (Pe. Adilson Santana do Carmo)<br \/>\n10h \u2013 Par\u00f3quia Nossa Senhora das Vit\u00f3rias (Pe. Gilmar Oliveira dos&nbsp;Santos)<br \/>\n11h \u2013 Par\u00f3quia Senhor do Bonfim (Pe. Manoel Carlos de Jesus Cruz)<br \/>\n14h \u2013 Par\u00f3quia Nossa&nbsp; Senhora Aparecida (Pe. Ezequias Gon\u00e7alves dos&nbsp;Santos)<br \/>\n15h \u2013 Par\u00f3quia Santa Maria Madalena (Pe. Tony Val\u00e9rio Rodrigues)<br \/>\n16h- Par\u00f3quia S\u00e3o Judas Tadeu (Pe. Ac\u00e1ssio Alves da Silva)<br \/>\n17h \u2013 Par\u00f3quia Catedral&nbsp; de&nbsp; S\u00e3o Jos\u00e9 ( Dom Carlos Alberto dos Santos)<\/p>\n<p style=\"font-weight: 400;\"><strong>&nbsp; &nbsp; &nbsp; &nbsp; &nbsp; &nbsp; &nbsp; &nbsp; &nbsp; &nbsp; &nbsp; &nbsp; &nbsp; &nbsp; &nbsp; &nbsp; &nbsp; &nbsp; &nbsp; &nbsp; &nbsp; &nbsp; &nbsp; &nbsp; &nbsp; &nbsp; &nbsp;Cemit\u00e9rio Parque de Itabuna<\/strong><br \/>\n8h-Par\u00f3quia Nossa Senhora de F\u00e1tima (Pe. Nicolau Klak)<\/p>\n<p style=\"font-weight: 400;\"><strong>&nbsp; &nbsp; &nbsp; &nbsp; &nbsp; &nbsp; &nbsp; &nbsp; &nbsp; &nbsp; &nbsp; &nbsp; &nbsp; &nbsp; &nbsp; &nbsp; &nbsp; &nbsp; &nbsp; &nbsp; &nbsp; &nbsp; &nbsp; &nbsp; &nbsp; &nbsp; &nbsp;Cemit\u00e9rio&nbsp;Municipal de Ferradas<\/strong><br \/>\n7h-Par\u00f3quia Nossa Senhora da Concei\u00e7\u00e3o (Pe. Jos\u00e9 Roberto)<\/p>\n","protected":false},"excerpt":{"rendered":"<p>A programa\u00e7\u00e3o especial de missas foi organizada&nbsp; pela Diocese de&nbsp;Itabuna nos tr\u00eas cemit\u00e9rios da cidade para serem celebradas nesta&nbsp;sexta-feira, 02 de novembro, dia de Finados. \u00c9 neste dia que muitas&nbsp;pessoas se dedicam a rezar por aqueles que j\u00e1 se foram, e celebrar a f\u00e9&nbsp;na ressurrei\u00e7\u00e3o. O Cemit\u00e9rio Campo Santo em Itabuna, gerenciado pela Santa Casa&nbsp;<\/p>\n<p><a class=\"btn btn-style\" href=\"http:\/\/portalcatolico.net\/portal\/diocese-de-itabuna-divulga-programacao-para-o-dia-de-finados\/\">Continue Reading<\/a><\/p>\n","protected":false},"author":2,"featured_media":60824,"comment_status":"open","ping_status":"open","sticky":false,"template":"","format":"standard","meta":{"footnotes":""},"categories":[4],"tags":[],"class_list":["post-60823","post","type-post","status-publish","format-standard","has-post-thumbnail","hentry","category-destaques"],"_links":{"self":[{"href":"http:\/\/portalcatolico.net\/portal\/wp-json\/wp\/v2\/posts\/60823","targetHints":{"allow":["GET"]}}],"collection":[{"href":"http:\/\/portalcatolico.net\/portal\/wp-json\/wp\/v2\/posts"}],"about":[{"href":"http:\/\/portalcatolico.net\/portal\/wp-json\/wp\/v2\/types\/post"}],"author":[{"embeddable":true,"href":"http:\/\/portalcatolico.net\/portal\/wp-json\/wp\/v2\/users\/2"}],"replies":[{"embeddable":true,"href":"http:\/\/portalcatolico.net\/portal\/wp-json\/wp\/v2\/comments?post=60823"}],"version-history":[{"count":4,"href":"http:\/\/portalcatolico.net\/portal\/wp-json\/wp\/v2\/posts\/60823\/revisions"}],"predecessor-version":[{"id":60929,"href":"http:\/\/portalcatolico.net\/portal\/wp-json\/wp\/v2\/posts\/60823\/revisions\/60929"}],"wp:featuredmedia":[{"embeddable":true,"href":"http:\/\/portalcatolico.net\/portal\/wp-json\/wp\/v2\/media\/60824"}],"wp:attachment":[{"href":"http:\/\/portalcatolico.net\/portal\/wp-json\/wp\/v2\/media?parent=60823"}],"wp:term":[{"taxonomy":"category","embeddable":true,"href":"http:\/\/portalcatolico.net\/portal\/wp-json\/wp\/v2\/categories?post=60823"},{"taxonomy":"post_tag","embeddable":true,"href":"http:\/\/portalcatolico.net\/portal\/wp-json\/wp\/v2\/tags?post=60823"}],"curies":[{"name":"wp","href":"https:\/\/api.w.org\/{rel}","templated":true}]}}