{"id":60819,"date":"2018-10-29T20:12:54","date_gmt":"2018-10-29T23:12:54","guid":{"rendered":"http:\/\/portalcatolico.net\/portal\/?p=60819"},"modified":"2018-10-29T20:13:27","modified_gmt":"2018-10-29T23:13:27","slug":"paroquia-sao-francisco-de-assis-de-arame-recebe-com-muita-alegria-seus-novos-padres","status":"publish","type":"post","link":"http:\/\/portalcatolico.net\/portal\/paroquia-sao-francisco-de-assis-de-arame-recebe-com-muita-alegria-seus-novos-padres\/","title":{"rendered":"Par\u00f3quia S\u00e3o Francisco de Assis de Arame recebe com muita alegria seus novos Padres"},"content":{"rendered":"<p>Foi em clima de muita alegria e grandes emo\u00e7\u00f5es que no dia 27 de outubro, \u00e0s 09h00 da manh\u00e3 &nbsp;na entrada da cidade de Arame \u2013 MA, os fieis da Par\u00f3quia S\u00e3o Francisco de Assis receberam com grande festa os Frades Servitanos.<\/p>\n<p>Todo o povo de Deus esperava na entrada da cidade e logo em seguida sa\u00edram em uma bonita caminhada pelas ruas da cidade at\u00e9 a Igreja Matriz e logo em seguida a Santa Missa &nbsp;presidida pelo Bispo Diocesano Dom Frei Rubival Cabral Britto, a celebra\u00e7\u00e3o contou a presen\u00e7a de autoridades Civis, eclesi\u00e1sticas e a participa\u00e7\u00e3o de todas as comunidades que comp\u00f5em a Par\u00f3quia aramense.<\/p>\n<p>O Instituto Mission\u00e1rio Servos do Senhor foi fundado a 08 de setembro de 2005, por Dom Jos\u00e9 Edson Santana Oliveira, bispo diocesano de Eun\u00e1polis, e tem como &nbsp;Lema de vida \u201cHumanizar e Evangelizar\u201d.<\/p>\n<p>Texto e foto\/Diocese de Graja\u00fa -MA<\/p>\n","protected":false},"excerpt":{"rendered":"<p>Foi em clima de muita alegria e grandes emo\u00e7\u00f5es que no dia 27 de outubro, \u00e0s 09h00 da manh\u00e3 &nbsp;na entrada da cidade de Arame \u2013 MA, os fieis da Par\u00f3quia S\u00e3o Francisco de Assis receberam com grande festa os Frades Servitanos. Todo o povo de Deus esperava na entrada da cidade e logo em&nbsp;<\/p>\n<p><a class=\"btn btn-style\" href=\"http:\/\/portalcatolico.net\/portal\/paroquia-sao-francisco-de-assis-de-arame-recebe-com-muita-alegria-seus-novos-padres\/\">Continue Reading<\/a><\/p>\n","protected":false},"author":2,"featured_media":60820,"comment_status":"open","ping_status":"open","sticky":false,"template":"","format":"standard","meta":{"footnotes":""},"categories":[4],"tags":[],"class_list":["post-60819","post","type-post","status-publish","format-standard","has-post-thumbnail","hentry","category-destaques"],"_links":{"self":[{"href":"http:\/\/portalcatolico.net\/portal\/wp-json\/wp\/v2\/posts\/60819","targetHints":{"allow":["GET"]}}],"collection":[{"href":"http:\/\/portalcatolico.net\/portal\/wp-json\/wp\/v2\/posts"}],"about":[{"href":"http:\/\/portalcatolico.net\/portal\/wp-json\/wp\/v2\/types\/post"}],"author":[{"embeddable":true,"href":"http:\/\/portalcatolico.net\/portal\/wp-json\/wp\/v2\/users\/2"}],"replies":[{"embeddable":true,"href":"http:\/\/portalcatolico.net\/portal\/wp-json\/wp\/v2\/comments?post=60819"}],"version-history":[{"count":2,"href":"http:\/\/portalcatolico.net\/portal\/wp-json\/wp\/v2\/posts\/60819\/revisions"}],"predecessor-version":[{"id":60822,"href":"http:\/\/portalcatolico.net\/portal\/wp-json\/wp\/v2\/posts\/60819\/revisions\/60822"}],"wp:featuredmedia":[{"embeddable":true,"href":"http:\/\/portalcatolico.net\/portal\/wp-json\/wp\/v2\/media\/60820"}],"wp:attachment":[{"href":"http:\/\/portalcatolico.net\/portal\/wp-json\/wp\/v2\/media?parent=60819"}],"wp:term":[{"taxonomy":"category","embeddable":true,"href":"http:\/\/portalcatolico.net\/portal\/wp-json\/wp\/v2\/categories?post=60819"},{"taxonomy":"post_tag","embeddable":true,"href":"http:\/\/portalcatolico.net\/portal\/wp-json\/wp\/v2\/tags?post=60819"}],"curies":[{"name":"wp","href":"https:\/\/api.w.org\/{rel}","templated":true}]}}