{"id":60810,"date":"2018-10-29T11:25:03","date_gmt":"2018-10-29T14:25:03","guid":{"rendered":"http:\/\/portalcatolico.net\/portal\/?p=60810"},"modified":"2018-10-29T11:26:45","modified_gmt":"2018-10-29T14:26:45","slug":"carta-dos-padres-sinodais-aos-jovens-do-mundo-inteiro","status":"publish","type":"post","link":"http:\/\/portalcatolico.net\/portal\/carta-dos-padres-sinodais-aos-jovens-do-mundo-inteiro\/","title":{"rendered":"Carta dos Padres Sinodais aos jovens do mundo inteiro"},"content":{"rendered":"<div class=\"article__subTitle\">A Igreja e o mundo precisam urgentemente do entusiasmo dos jovens. &#8220;Sejam companheiros de estrada dos mais fr\u00e1geis, dos pobres, dos feridos pela vida. Voc\u00eas s\u00e3o o presente, sejam o futuro mais luminoso&#8221;, exortam os Padres Sinodais na Carta a eles endere\u00e7ada, cujo texto integral publicamo a seguir.<\/div>\n<div class=\"title__separator\">&nbsp;<\/div>\n<div class=\"article__text\">\n<p>Ao t\u00e9rmino da Missa de encerramento da XV Assembleia Geral Ordin\u00e1ria do S\u00ednodo dos Bispos dedicada aos jovens, presidida pelo Papa Francisco na manh\u00e3 deste domingo (28\/10) na Bas\u00edlica de S\u00e3o Pedro, antes da b\u00ean\u00e7\u00e3o final o secret\u00e1rio geral do S\u00ednodo, cardeal Lorenzo Baldisseri, leu a carta dos Padres Sinodais aos jovens, a qual publicamos a seguir na \u00edntegra:<\/p>\n<p><strong>Clique no play e ou\u00e7a<\/strong><\/p>\n<audio class=\"wp-audio-shortcode\" id=\"audio-60810-1\" preload=\"none\" style=\"width: 100%;\" controls=\"controls\"><source type=\"audio\/mpeg\" src=\"http:\/\/portalcatolico.net\/portal\/wp-content\/uploads\/2018\/10\/134695910_F134695910.mp3?_=1\" \/><a href=\"http:\/\/portalcatolico.net\/portal\/wp-content\/uploads\/2018\/10\/134695910_F134695910.mp3\">http:\/\/portalcatolico.net\/portal\/wp-content\/uploads\/2018\/10\/134695910_F134695910.mp3<\/a><\/audio>\n<p>XV Assembleia Geral Ordin\u00e1ria do S\u00ednodo dos Bispos<\/p>\n<p><b>Carta dos Padres Sinodais aos jovens<\/b><\/p>\n<p>A voc\u00eas, jovens do mundo, n\u00f3s Padres Sinodais nos dirigimos com uma palavra de esperan\u00e7a, confian\u00e7a e consola\u00e7\u00e3o. Nestes dias, nos reunimos para escutar a voz de Jesus, \u201co Cristo, eternamente jovem\u201d, e reconhecer Nele as vozes dos jovens e seus gritos de exulta\u00e7\u00e3o, lamentos e sil\u00eancios.<\/p>\n<p>Sabemos de suas buscas interiores, das alegrias e das esperan\u00e7as, das dores e ang\u00fastias que fazem parte de sua inquietude. Agora, queremos que voc\u00eas escutem uma palavra nossa: desejamos ser colaboradores de sua alegria para que suas expectativas se transformem em ideais. Temos certeza de que com sua vontade de viver, voc\u00eas est\u00e3o prontos a se empenhar para que seus sonhos tomem forma em sua exist\u00eancia e na hist\u00f3ria humana.<\/p>\n<p>Que nossas fraquezas n\u00e3o os desanimem, que as fragilidades e pecados n\u00e3o sejam um obst\u00e1culo \u00e0 sua confian\u00e7a. A Igreja \u00e9 sua m\u00e3e, n\u00e3o abandona voc\u00eas, est\u00e1 pronta para acompanh\u00e1-los em novos caminhos, nas sendas mais altas onde o vento do Esp\u00edrito sopra mais forte, varrendo as n\u00e9voas da indiferen\u00e7a, da superficialidade, do des\u00e2nimo.<\/p>\n<p>Quando o mundo, que Deus tanto amou a ponto de lhe doar seu Filho Jesus, \u00e9 subordinado \u00e0s coisas, ao sucesso imediato e ao prazer, pisoteando os mais fracos, ajudem-no a se reerguer e a dirigir seu olhar ao amor, \u00e0 beleza, \u00e0 verdade e \u00e0 justi\u00e7a.<\/p>\n<p>Por um m\u00eas, n\u00f3s caminhamos juntos, com alguns de voc\u00eas e muitos outros unidos a n\u00f3s com a ora\u00e7\u00e3o e o carinho. Desejamos continuar o caminho em todas as partes da terra onde o Senhor Jesus nos envia como disc\u00edpulos mission\u00e1rios.<\/p>\n<p>A Igreja e o mundo precisam urgentemente de seu entusiasmo. Sejam companheiros de estrada dos mais fr\u00e1geis, dos pobres, dos feridos pela vida.<\/p>\n<p>Voc\u00eas s\u00e3o o presente, sejam o futuro mais luminoso.<\/p>\n<p>Carta dos Padres Sinodais aos jovens<\/p>\n<p><iframe loading=\"lazy\"  id=\"_ytid_26092\"  width=\"480\" height=\"270\"  data-origwidth=\"480\" data-origheight=\"270\" src=\"https:\/\/www.youtube.com\/embed\/nVq7aFqYnoM?enablejsapi=1&#038;autoplay=0&#038;cc_load_policy=0&#038;cc_lang_pref=&#038;iv_load_policy=1&#038;loop=0&#038;rel=1&#038;fs=1&#038;playsinline=0&#038;autohide=2&#038;theme=dark&#038;color=red&#038;controls=1&#038;disablekb=0&#038;\" class=\"__youtube_prefs__  epyt-is-override  no-lazyload\" title=\"YouTube player\"  allow=\"fullscreen; accelerometer; autoplay; clipboard-write; encrypted-media; gyroscope; picture-in-picture; web-share\" referrerpolicy=\"strict-origin-when-cross-origin\" allowfullscreen data-no-lazy=\"1\" data-skipgform_ajax_framebjll=\"\"><\/iframe><\/p>\n<\/div>\n<p>Jovens durante a Missa de encerramento do S\u00ednodo dos Bispos a eles dedicado&nbsp; (Vatican Media)<\/p>\n","protected":false},"excerpt":{"rendered":"<p>A Igreja e o mundo precisam urgentemente do entusiasmo dos jovens. &#8220;Sejam companheiros de estrada dos mais fr\u00e1geis, dos pobres, dos feridos pela vida. Voc\u00eas s\u00e3o o presente, sejam o futuro mais luminoso&#8221;, exortam os Padres Sinodais na Carta a eles endere\u00e7ada, cujo texto integral publicamo a seguir. &nbsp; Ao t\u00e9rmino da Missa de encerramento&nbsp;<\/p>\n<p><a class=\"btn btn-style\" href=\"http:\/\/portalcatolico.net\/portal\/carta-dos-padres-sinodais-aos-jovens-do-mundo-inteiro\/\">Continue Reading<\/a><\/p>\n","protected":false},"author":2,"featured_media":60813,"comment_status":"open","ping_status":"open","sticky":false,"template":"","format":"standard","meta":{"footnotes":""},"categories":[5],"tags":[],"class_list":["post-60810","post","type-post","status-publish","format-standard","has-post-thumbnail","hentry","category-igreja_no_mundo"],"_links":{"self":[{"href":"http:\/\/portalcatolico.net\/portal\/wp-json\/wp\/v2\/posts\/60810","targetHints":{"allow":["GET"]}}],"collection":[{"href":"http:\/\/portalcatolico.net\/portal\/wp-json\/wp\/v2\/posts"}],"about":[{"href":"http:\/\/portalcatolico.net\/portal\/wp-json\/wp\/v2\/types\/post"}],"author":[{"embeddable":true,"href":"http:\/\/portalcatolico.net\/portal\/wp-json\/wp\/v2\/users\/2"}],"replies":[{"embeddable":true,"href":"http:\/\/portalcatolico.net\/portal\/wp-json\/wp\/v2\/comments?post=60810"}],"version-history":[{"count":2,"href":"http:\/\/portalcatolico.net\/portal\/wp-json\/wp\/v2\/posts\/60810\/revisions"}],"predecessor-version":[{"id":60815,"href":"http:\/\/portalcatolico.net\/portal\/wp-json\/wp\/v2\/posts\/60810\/revisions\/60815"}],"wp:featuredmedia":[{"embeddable":true,"href":"http:\/\/portalcatolico.net\/portal\/wp-json\/wp\/v2\/media\/60813"}],"wp:attachment":[{"href":"http:\/\/portalcatolico.net\/portal\/wp-json\/wp\/v2\/media?parent=60810"}],"wp:term":[{"taxonomy":"category","embeddable":true,"href":"http:\/\/portalcatolico.net\/portal\/wp-json\/wp\/v2\/categories?post=60810"},{"taxonomy":"post_tag","embeddable":true,"href":"http:\/\/portalcatolico.net\/portal\/wp-json\/wp\/v2\/tags?post=60810"}],"curies":[{"name":"wp","href":"https:\/\/api.w.org\/{rel}","templated":true}]}}