{"id":60801,"date":"2018-10-28T18:39:52","date_gmt":"2018-10-28T21:39:52","guid":{"rendered":"http:\/\/portalcatolico.net\/portal\/?p=60801"},"modified":"2018-10-28T18:41:38","modified_gmt":"2018-10-28T21:41:38","slug":"paroquia-em-camacan-realiza-missa-de-encerramento-do-mes-missionario","status":"publish","type":"post","link":"http:\/\/portalcatolico.net\/portal\/paroquia-em-camacan-realiza-missa-de-encerramento-do-mes-missionario\/","title":{"rendered":"Par\u00f3quia em Camacan realiza missa de encerramento do m\u00eas mission\u00e1rio"},"content":{"rendered":"<div dir=\"auto\">A Par\u00f3quia S\u00e3o Sebasti\u00e3o realizou missa de encerramento do outubro mission\u00e1rio, quando aconteceram&nbsp; atividades mission\u00e1rias e uma linda festa de encerramento com&nbsp; v\u00e1rios eventos na igreja matriz e nas comunidades.&nbsp;<\/div>\n<div dir=\"auto\">E neste s\u00e1bado, 27 de outubro, foi celebrada uma Missa Campal na Pra\u00e7a e em frente \u00e0 Igreja matriz de S\u00e3o Sebasti\u00e3o e, em seguida, teve show teatral e musical.&nbsp;<\/div>\n<div dir=\"auto\">Ap\u00f3s a santa missa, os organizadores disponibilizaram os diversos tipos de comidas deliciosas aos paroquianos e visitantes.&nbsp;<\/div>\n<div dir=\"auto\">A Celebra\u00e7\u00e3o Eucar\u00edstica teve in\u00edcio \u00e0s 19h e foi presidida pelo p\u00e1roco da Igreja de S\u00e3o Sebasti\u00e3o, o Padre Valdeni N\u00e9ris (Mission\u00e1rio Palatino).<\/div>\n<div dir=\"auto\">\n<p>Na oportunidade, o membro da Pastoral da Comunica\u00e7\u00e3o (Pascom) disse: &#8220;Louvado seja Deus por todos esses momentos e pelas comunidades que formam a Par\u00f3quia&#8221;. N\u00f3s somos a Igreja de Cristo!&#8221;, finalizou.<\/p>\n<\/div>\n<div dir=\"auto\">As fotos e as informa\u00e7\u00f5es foram cedidas pela Pascom e a edi\u00e7\u00e3o e adapta\u00e7\u00e3o de texto foi do Portal Cat\u00f3lico.Net&nbsp;<\/div>\n<div dir=\"auto\"><img loading=\"lazy\" decoding=\"async\" class=\"alignnone size-medium wp-image-60804\" src=\"http:\/\/portalcatolico.net\/portal\/wp-content\/uploads\/2018\/10\/44883268_114767972848864_3309756511885983744_n-300x225.jpg\" alt=\"\" width=\"300\" height=\"225\" srcset=\"http:\/\/portalcatolico.net\/portal\/wp-content\/uploads\/2018\/10\/44883268_114767972848864_3309756511885983744_n-300x225.jpg 300w, http:\/\/portalcatolico.net\/portal\/wp-content\/uploads\/2018\/10\/44883268_114767972848864_3309756511885983744_n-768x576.jpg 768w, http:\/\/portalcatolico.net\/portal\/wp-content\/uploads\/2018\/10\/44883268_114767972848864_3309756511885983744_n.jpg 960w\" sizes=\"auto, (max-width: 300px) 100vw, 300px\" \/><img loading=\"lazy\" decoding=\"async\" class=\"alignnone  wp-image-60805\" src=\"http:\/\/portalcatolico.net\/portal\/wp-content\/uploads\/2018\/10\/44913715_114768216182173_7284155098249297920_n-300x190.jpg\" alt=\"\" width=\"351\" height=\"222\" srcset=\"http:\/\/portalcatolico.net\/portal\/wp-content\/uploads\/2018\/10\/44913715_114768216182173_7284155098249297920_n-300x190.jpg 300w, http:\/\/portalcatolico.net\/portal\/wp-content\/uploads\/2018\/10\/44913715_114768216182173_7284155098249297920_n-768x486.jpg 768w, http:\/\/portalcatolico.net\/portal\/wp-content\/uploads\/2018\/10\/44913715_114768216182173_7284155098249297920_n-848x536.jpg 848w, http:\/\/portalcatolico.net\/portal\/wp-content\/uploads\/2018\/10\/44913715_114768216182173_7284155098249297920_n.jpg 960w\" sizes=\"auto, (max-width: 351px) 100vw, 351px\" \/> <img loading=\"lazy\" decoding=\"async\" class=\"alignnone size-medium wp-image-60806\" src=\"http:\/\/portalcatolico.net\/portal\/wp-content\/uploads\/2018\/10\/44950825_114768119515516_2859231613814833152_n-300x225.jpg\" alt=\"\" width=\"300\" height=\"225\" srcset=\"http:\/\/portalcatolico.net\/portal\/wp-content\/uploads\/2018\/10\/44950825_114768119515516_2859231613814833152_n-300x225.jpg 300w, http:\/\/portalcatolico.net\/portal\/wp-content\/uploads\/2018\/10\/44950825_114768119515516_2859231613814833152_n-768x576.jpg 768w, http:\/\/portalcatolico.net\/portal\/wp-content\/uploads\/2018\/10\/44950825_114768119515516_2859231613814833152_n.jpg 960w\" sizes=\"auto, (max-width: 300px) 100vw, 300px\" \/> <img loading=\"lazy\" decoding=\"async\" class=\"alignnone  wp-image-60807\" src=\"http:\/\/portalcatolico.net\/portal\/wp-content\/uploads\/2018\/10\/44989815_114768416182153_2983288514344386560_n-300x169.jpg\" alt=\"\" width=\"394\" height=\"222\" srcset=\"http:\/\/portalcatolico.net\/portal\/wp-content\/uploads\/2018\/10\/44989815_114768416182153_2983288514344386560_n-300x169.jpg 300w, http:\/\/portalcatolico.net\/portal\/wp-content\/uploads\/2018\/10\/44989815_114768416182153_2983288514344386560_n-768x432.jpg 768w, http:\/\/portalcatolico.net\/portal\/wp-content\/uploads\/2018\/10\/44989815_114768416182153_2983288514344386560_n.jpg 960w\" sizes=\"auto, (max-width: 394px) 100vw, 394px\" \/><\/div>\n","protected":false},"excerpt":{"rendered":"<p>A Par\u00f3quia S\u00e3o Sebasti\u00e3o realizou missa de encerramento do outubro mission\u00e1rio, quando aconteceram&nbsp; atividades mission\u00e1rias e uma linda festa de encerramento com&nbsp; v\u00e1rios eventos na igreja matriz e nas comunidades.&nbsp; E neste s\u00e1bado, 27 de outubro, foi celebrada uma Missa Campal na Pra\u00e7a e em frente \u00e0 Igreja matriz de S\u00e3o Sebasti\u00e3o e, em seguida,&nbsp;<\/p>\n<p><a class=\"btn btn-style\" href=\"http:\/\/portalcatolico.net\/portal\/paroquia-em-camacan-realiza-missa-de-encerramento-do-mes-missionario\/\">Continue Reading<\/a><\/p>\n","protected":false},"author":2,"featured_media":60802,"comment_status":"open","ping_status":"open","sticky":false,"template":"","format":"standard","meta":{"footnotes":""},"categories":[4],"tags":[],"class_list":["post-60801","post","type-post","status-publish","format-standard","has-post-thumbnail","hentry","category-destaques"],"_links":{"self":[{"href":"http:\/\/portalcatolico.net\/portal\/wp-json\/wp\/v2\/posts\/60801","targetHints":{"allow":["GET"]}}],"collection":[{"href":"http:\/\/portalcatolico.net\/portal\/wp-json\/wp\/v2\/posts"}],"about":[{"href":"http:\/\/portalcatolico.net\/portal\/wp-json\/wp\/v2\/types\/post"}],"author":[{"embeddable":true,"href":"http:\/\/portalcatolico.net\/portal\/wp-json\/wp\/v2\/users\/2"}],"replies":[{"embeddable":true,"href":"http:\/\/portalcatolico.net\/portal\/wp-json\/wp\/v2\/comments?post=60801"}],"version-history":[{"count":3,"href":"http:\/\/portalcatolico.net\/portal\/wp-json\/wp\/v2\/posts\/60801\/revisions"}],"predecessor-version":[{"id":60809,"href":"http:\/\/portalcatolico.net\/portal\/wp-json\/wp\/v2\/posts\/60801\/revisions\/60809"}],"wp:featuredmedia":[{"embeddable":true,"href":"http:\/\/portalcatolico.net\/portal\/wp-json\/wp\/v2\/media\/60802"}],"wp:attachment":[{"href":"http:\/\/portalcatolico.net\/portal\/wp-json\/wp\/v2\/media?parent=60801"}],"wp:term":[{"taxonomy":"category","embeddable":true,"href":"http:\/\/portalcatolico.net\/portal\/wp-json\/wp\/v2\/categories?post=60801"},{"taxonomy":"post_tag","embeddable":true,"href":"http:\/\/portalcatolico.net\/portal\/wp-json\/wp\/v2\/tags?post=60801"}],"curies":[{"name":"wp","href":"https:\/\/api.w.org\/{rel}","templated":true}]}}