{"id":60798,"date":"2018-10-28T11:58:54","date_gmt":"2018-10-28T14:58:54","guid":{"rendered":"http:\/\/portalcatolico.net\/portal\/?p=60798"},"modified":"2018-10-28T11:58:54","modified_gmt":"2018-10-28T14:58:54","slug":"papa-ser-testemunhas-de-jesus-nao-doutrinaristas-ou-ativistas","status":"publish","type":"post","link":"http:\/\/portalcatolico.net\/portal\/papa-ser-testemunhas-de-jesus-nao-doutrinaristas-ou-ativistas\/","title":{"rendered":"Papa: ser testemunhas de Jesus, n\u00e3o doutrinaristas ou ativistas"},"content":{"rendered":"<p>&#8220;Obrigado pelo vosso testemunho. Trabalhamos em comunh\u00e3o e com ousadia, com o desejo de servir a Deus e ao seu povo. Que o Senhor aben\u00e7oe os nossos passos, para podermos escutar os jovens, fazer-nos pr\u00f3ximo e testemunhar-lhes a alegria da nossa vida: Jesus\u201d: disse o Papa na Missa conclusiva do S\u00ednodo.<\/p>\n<p>\u201cGostaria de dizer aos jovens, em nome de todos n\u00f3s, adultos: desculpai, se muitas vezes n\u00e3o vos escutamos; se, em vez de vos abrir o cora\u00e7\u00e3o, vos enchemos os ouvidos\u201d: disse o Papa Francisco na homilia da missa na manh\u00e3 deste XXX Domingo do Tempo Comum, celebrada na Bas\u00edlica de S\u00e3o Pedro, no encerramento do S\u00ednodo dos Bispos dedicado aos jovens.<\/p>\n<p>Na homilia, o Pont\u00edfice concentrou-se no Evangelho do dia, que nos traz o epis\u00f3dio da cura do cego Bartimeu feita por Jesus, do qual em sua reflex\u00e3o prop\u00f4s algumas indica\u00e7\u00f5es aos padres sinodais e aos jovens para o caminho de f\u00e9 da Igreja.<\/p>\n<p>Bartimeu \u00e9 o \u00faltimo que segue Jesus ao longo do caminho: \u201cde mendigo na margem da estrada para Jeric\u00f3, torna-se disc\u00edpulo que vai juntamente com os outros para Jerusal\u00e9m. Tamb\u00e9m n\u00f3s caminhamos juntos, \u2018fizemos s\u00ednodo\u2019 e agora este Evangelho corrobora tr\u00eas passos fundamentais no caminho da f\u00e9\u201d: escutar, fazer-se pr\u00f3ximo e testemunhar, apontou o Santo Padre.<\/p>\n<p>\u201cO primeiro passo para ajudar o caminho da f\u00e9: escutar. \u00c9 o apostolado do ouvido: escutar, antes de falar\u201d, ressaltou. Referindo \u00e0 atitude de muitos que estavam com Jesus, que repreenderam Bartimeu para que estivesse calado, disse que estes \u201cseguiam Jesus, mas tinham em mente os seus projetos\u201d, e que este \u00e9 um risco do qual sempre devemos nos precaver.<\/p>\n<p>Ao contr\u00e1rio, para Jesus, o grito de quem pede ajuda n\u00e3o \u00e9 um transtorno que estorva o caminho, mas uma quest\u00e3o vital. Como \u00e9 importante, para n\u00f3s, escutar a vida! Os filhos do Pai celeste prestam ouvidos aos irm\u00e3os: n\u00e3o \u00e0s cr\u00edticas in\u00fateis, mas \u00e0s necessidades do pr\u00f3ximo. Ouvir com amor, com paci\u00eancia, como Deus faz conosco, com as nossas ora\u00e7\u00f5es muitas vezes repetitivas. Deus nunca Se cansa, sempre Se alegra quando O procuramos. Pe\u00e7amos, tamb\u00e9m n\u00f3s, a gra\u00e7a dum cora\u00e7\u00e3o d\u00f3cil a escutar, exortou Francisco.<\/p>\n<p>Dirigindo-se aos jovens, o Santo Padre disse com veem\u00eancia:<\/p>\n<p><i>\u201cComo Igreja de Jesus, desejamos colocar-nos amorosamente \u00e0 vossa escuta, certos de duas coisas: que a vossa vida \u00e9 preciosa para Deus, porque Deus \u00e9 jovem e ama os jovens; e que, tamb\u00e9m para n\u00f3s, a vossa vida \u00e9 preciosa, mais ainda necess\u00e1ria para se avan\u00e7ar.\u201d<\/i><\/p>\n<p>Depois da escuta, o Papa apontou um segundo passo para acompanhar o caminho da f\u00e9: fazer-se pr\u00f3ximo.<\/p>\n<p>Vejamos Jesus, disse, \u201cque n\u00e3o delega em ningu\u00e9m da \u2018grande multid\u00e3o\u2019 que O seguia, mas encontra Ele pessoalmente Bartimeu. Diz-lhe: \u2018Que queres que Eu fa\u00e7a por ti?\u2019. (&#8230;) \u00c9 assim que Deus procede, envolvendo-Se pessoalmente com um amor de predile\u00e7\u00e3o por cada um. Na sua maneira de proceder, ressalta j\u00e1 a sua mensagem: assim a f\u00e9 germina na vida\u201d. A f\u00e9 passa para a vida.<\/p>\n<p><i>\u201cQuando a f\u00e9 se concentra apenas em formula\u00e7\u00f5es doutrin\u00e1rias, arrisca-se a falar apenas \u00e0 cabe\u00e7a, sem tocar o cora\u00e7\u00e3o. E quando se concentra apenas na a\u00e7\u00e3o, corre o risco de tornar-se moralismo e reduzir-se ao social. Ao contr\u00e1rio, a f\u00e9 \u00e9 vida: \u00e9 viver o amor de Deus que mudou a nossa exist\u00eancia. N\u00e3o podemos ser doutrinaristas ou ativistas; somos chamados a levar para a frente a obra de Deus segundo o modo de Deus, na proximidade: unidos intimamente a Ele, em comunh\u00e3o entre n\u00f3s, pr\u00f3ximo dos irm\u00e3os. Proximidade: aqui est\u00e1 o segredo para transmitir, n\u00e3o algum aspeto secund\u00e1rio, mas o cora\u00e7\u00e3o da f\u00e9.\u201d<\/i><\/p>\n<p>Francisco prosseguiu fazendo uma advert\u00eancia: \u201cSempre existe aquela tenta\u00e7\u00e3o que reaparece tantas vezes na Escritura: lavar as m\u00e3os, desinteressar-se. \u00c9 o que faz a multid\u00e3o no Evangelho de hoje, \u00e9 o que fez Caim com Abel, \u00e9 o que far\u00e1 Pilatos com Jesus: lavar as m\u00e3os. N\u00f3s, pelo contr\u00e1rio, queremos imitar Jesus e, como Ele, meter as m\u00e3os na massa, suj\u00e1-las. Ele, o caminho (cf. Jo 14, 6), por Bartimeu deteve-Se ao longo da estrada; Ele, a luz do mundo (cf. Jo 9, 5), inclinou-Se sobre um cego\u201d.<\/p>\n<p>Reconhecemos que o Senhor sujou as m\u00e3os por cada um de n\u00f3s e, fixando a Cruz, \u201crecomecemos de l\u00e1, da lembran\u00e7a de Deus que Se fez meu pr\u00f3ximo no pecado e na morte. Fez-Se meu pr\u00f3ximo: tudo come\u00e7a de l\u00e1\u201d, observou o Papa. \u201cE, quando por amor d\u2019Ele tamb\u00e9m n\u00f3s nos fazemos pr\u00f3ximo, tornamo-nos portadores de vida nova: n\u00e3o mestres de todos, n\u00e3o especialistas do sagrado, mas testemunhas do amor que salva.\u201d<\/p>\n<p>\u201c<i>Testemunhar<\/i>&nbsp;\u00e9 o terceiro passo\u201d, frisou o Santo Padre. \u201cN\u00e3o \u00e9 crist\u00e3o esperar que os irm\u00e3os inquietos batam \u00e0s nossas portas; somos n\u00f3s que devemos ir ter com eles, n\u00e3o lhes levando a n\u00f3s mesmos, mas Jesus. Ele manda-nos, como aqueles disc\u00edpulos, para encorajar e levantar em seu nome. Manda-nos dizer a cada um: \u2018Deus pede para te deixares amar por Ele\u2019.\u201d<\/p>\n<p>\u201cQuantas vezes \u2013 continuou Francisco \u2013, em vez desta mensagem libertadora de salva\u00e7\u00e3o, nos levamos a n\u00f3s mesmos, as nossas \u2018receitas\u2019, as nossas \u2018etiquetas\u2019 na Igreja! Quantas vezes, em vez de fazer nossas as palavras do Senhor, despachamos como palavra d\u2019Ele as nossas ideias! Quantas vezes as pessoas sentem mais o peso das nossas institui\u00e7\u00f5es que a presen\u00e7a amiga de Jesus! Ent\u00e3o aparecemos como uma ONG, uma organiza\u00e7\u00e3o parestatal, e n\u00e3o como a comunidade dos redimidos que vivem a alegria do Senhor.\u201d<\/p>\n<p>Ouvir, fazer-se pr\u00f3ximo, testemunhar.<\/p>\n<p><i>\u201cA f\u00e9 \u00e9 quest\u00e3o de encontro, n\u00e3o de teoria. No encontro, Jesus passa; no encontro, palpita o cora\u00e7\u00e3o da Igreja. Ent\u00e3o ser\u00e3o eficazes, n\u00e3o as nossas homilias, mas o testemunho da nossa vida.\u201d<\/i><\/p>\n<p>E a todos v\u00f3s que participastes neste \u2018caminhar juntos\u2019, concluiu Francisco, \u201cdigo obrigado pelo vosso testemunho. Trabalhamos em comunh\u00e3o e com ousadia, com o desejo de servir a Deus e ao seu povo. Que o Senhor aben\u00e7oe os nossos passos, para podermos escutar os jovens, fazer-nos pr\u00f3ximo e testemunhar-lhes a alegria da nossa vida: Jesus.\u201d.(Vatican News)<\/p>\n","protected":false},"excerpt":{"rendered":"<p>&#8220;Obrigado pelo vosso testemunho. Trabalhamos em comunh\u00e3o e com ousadia, com o desejo de servir a Deus e ao seu povo. Que o Senhor aben\u00e7oe os nossos passos, para podermos escutar os jovens, fazer-nos pr\u00f3ximo e testemunhar-lhes a alegria da nossa vida: Jesus\u201d: disse o Papa na Missa conclusiva do S\u00ednodo. \u201cGostaria de dizer aos&nbsp;<\/p>\n<p><a class=\"btn btn-style\" href=\"http:\/\/portalcatolico.net\/portal\/papa-ser-testemunhas-de-jesus-nao-doutrinaristas-ou-ativistas\/\">Continue Reading<\/a><\/p>\n","protected":false},"author":2,"featured_media":60799,"comment_status":"open","ping_status":"open","sticky":false,"template":"","format":"standard","meta":{"footnotes":""},"categories":[5],"tags":[],"class_list":["post-60798","post","type-post","status-publish","format-standard","has-post-thumbnail","hentry","category-igreja_no_mundo"],"_links":{"self":[{"href":"http:\/\/portalcatolico.net\/portal\/wp-json\/wp\/v2\/posts\/60798","targetHints":{"allow":["GET"]}}],"collection":[{"href":"http:\/\/portalcatolico.net\/portal\/wp-json\/wp\/v2\/posts"}],"about":[{"href":"http:\/\/portalcatolico.net\/portal\/wp-json\/wp\/v2\/types\/post"}],"author":[{"embeddable":true,"href":"http:\/\/portalcatolico.net\/portal\/wp-json\/wp\/v2\/users\/2"}],"replies":[{"embeddable":true,"href":"http:\/\/portalcatolico.net\/portal\/wp-json\/wp\/v2\/comments?post=60798"}],"version-history":[{"count":1,"href":"http:\/\/portalcatolico.net\/portal\/wp-json\/wp\/v2\/posts\/60798\/revisions"}],"predecessor-version":[{"id":60800,"href":"http:\/\/portalcatolico.net\/portal\/wp-json\/wp\/v2\/posts\/60798\/revisions\/60800"}],"wp:featuredmedia":[{"embeddable":true,"href":"http:\/\/portalcatolico.net\/portal\/wp-json\/wp\/v2\/media\/60799"}],"wp:attachment":[{"href":"http:\/\/portalcatolico.net\/portal\/wp-json\/wp\/v2\/media?parent=60798"}],"wp:term":[{"taxonomy":"category","embeddable":true,"href":"http:\/\/portalcatolico.net\/portal\/wp-json\/wp\/v2\/categories?post=60798"},{"taxonomy":"post_tag","embeddable":true,"href":"http:\/\/portalcatolico.net\/portal\/wp-json\/wp\/v2\/tags?post=60798"}],"curies":[{"name":"wp","href":"https:\/\/api.w.org\/{rel}","templated":true}]}}