{"id":60708,"date":"2018-10-27T22:59:47","date_gmt":"2018-10-28T01:59:47","guid":{"rendered":"http:\/\/portalcatolico.net\/portal\/?p=60708"},"modified":"2018-10-28T09:55:16","modified_gmt":"2018-10-28T12:55:16","slug":"sao-judas-tadeu-e-celebrado-em-itabuna-2","status":"publish","type":"post","link":"http:\/\/portalcatolico.net\/portal\/sao-judas-tadeu-e-celebrado-em-itabuna-2\/","title":{"rendered":"S\u00e3o Judas Tadeu \u00e9 celebrado em Itabuna"},"content":{"rendered":"<div dir=\"auto\">Aconteceu neste s\u00e1bado, (27), a grande festa em homenagem ao padroeiro do bairro Cast\u00e1lia em Itabuna, S\u00e3o Judas Tadeu e padroeiro dos funcion\u00e1rios p\u00fablicos, \u00e0s 18h, com uma santa missa e o tema central foi: &#8220;Sal da Terra, luz do mundo&#8221;.<\/div>\n<div dir=\"auto\">A Celebra\u00e7\u00e3o Eucar\u00edstica foi presidida pelo Bispo Diocesano Dom Carlos Alberto dos Santos e concelebrada pelo Pe. Ac\u00e1ssio Alves (p\u00e1roco da igreja matriz de S\u00e3o Judas Tadeu); Pe. Manoel Carlos (p\u00e1roco da par\u00f3quia Senhor do Bonfim); <em>Pe. Frei Ivanilton Oliveira dos Santos, MsS<\/em>&nbsp;(p\u00e1roco na par\u00f3quia Nossa Senhora da Piedade); Pe. Gilvan Oliveira (p\u00e1roco da Catedral de S\u00e3o Jos\u00e9) e os di\u00e1conos Trajano Oswaldo e Jos\u00e9 Ara\u00fajo. Na homilia, Dom Carlos disse: &#8220;\u00c9 isso que Jesus quer de n\u00f3s, que sejamos sal para dar gosto \u00e0queles que est\u00e3o passando tamb\u00e9m pela Igreja, pela palavra de Deus&#8221;.<\/div>\n<div dir=\"auto\">A abertura do Noven\u00e1rio em prepara\u00e7\u00e3o ao grande dia festivo iniciou no dia 18 de outubro e finalizou neste s\u00e1bado (27).<\/div>\n<div dir=\"auto\">O dia de S\u00e3o Judas Tadeu \u00e9 celebrado em 28, devido as elei\u00e7\u00f5es, foi antecipada para este s\u00e1bado 27 de outubro, segundo informa\u00e7\u00f5es do Padre Ac\u00e1ssio Alves, respons\u00e1vel pela par\u00f3quia S\u00e3o Judas Tadeu da Diocese de Itabuna.<\/div>\n<div dir=\"auto\">As comemora\u00e7\u00f5es tiveram in\u00edcio logo cedo, \u00e0s 8h, com of\u00edcio de S\u00e3o Judas Tadeu. \u00c0s 10h teve Batizados; \u00e0s 18h teve missa solene e em seguida, prociss\u00e3o.<\/div>\n<div dir=\"auto\">&nbsp; Os convidados da \u00faltima noite foram todas as pastorais, movimentos, grupos, paroquianos, al\u00e9m de fieis e devotos do santo.&nbsp;<\/div>\n<div dir=\"auto\">\u00c1lbuns de fotos.<a href=\"http:\/\/portalcatolico.net\/portal\/festa-de-sao-judas-tadeu-em-itabuna\/\">CLIQUE AQUI&nbsp;<\/a><\/div>\n","protected":false},"excerpt":{"rendered":"<p>Aconteceu neste s\u00e1bado, (27), a grande festa em homenagem ao padroeiro do bairro Cast\u00e1lia em Itabuna, S\u00e3o Judas Tadeu e padroeiro dos funcion\u00e1rios p\u00fablicos, \u00e0s 18h, com uma santa missa e o tema central foi: &#8220;Sal da Terra, luz do mundo&#8221;. A Celebra\u00e7\u00e3o Eucar\u00edstica foi presidida pelo Bispo Diocesano Dom Carlos Alberto dos Santos e&nbsp;<\/p>\n<p><a class=\"btn btn-style\" href=\"http:\/\/portalcatolico.net\/portal\/sao-judas-tadeu-e-celebrado-em-itabuna-2\/\">Continue Reading<\/a><\/p>\n","protected":false},"author":2,"featured_media":60709,"comment_status":"open","ping_status":"open","sticky":false,"template":"","format":"standard","meta":{"footnotes":""},"categories":[68],"tags":[],"class_list":["post-60708","post","type-post","status-publish","format-standard","has-post-thumbnail","hentry","category-homilias"],"_links":{"self":[{"href":"http:\/\/portalcatolico.net\/portal\/wp-json\/wp\/v2\/posts\/60708","targetHints":{"allow":["GET"]}}],"collection":[{"href":"http:\/\/portalcatolico.net\/portal\/wp-json\/wp\/v2\/posts"}],"about":[{"href":"http:\/\/portalcatolico.net\/portal\/wp-json\/wp\/v2\/types\/post"}],"author":[{"embeddable":true,"href":"http:\/\/portalcatolico.net\/portal\/wp-json\/wp\/v2\/users\/2"}],"replies":[{"embeddable":true,"href":"http:\/\/portalcatolico.net\/portal\/wp-json\/wp\/v2\/comments?post=60708"}],"version-history":[{"count":4,"href":"http:\/\/portalcatolico.net\/portal\/wp-json\/wp\/v2\/posts\/60708\/revisions"}],"predecessor-version":[{"id":60797,"href":"http:\/\/portalcatolico.net\/portal\/wp-json\/wp\/v2\/posts\/60708\/revisions\/60797"}],"wp:featuredmedia":[{"embeddable":true,"href":"http:\/\/portalcatolico.net\/portal\/wp-json\/wp\/v2\/media\/60709"}],"wp:attachment":[{"href":"http:\/\/portalcatolico.net\/portal\/wp-json\/wp\/v2\/media?parent=60708"}],"wp:term":[{"taxonomy":"category","embeddable":true,"href":"http:\/\/portalcatolico.net\/portal\/wp-json\/wp\/v2\/categories?post=60708"},{"taxonomy":"post_tag","embeddable":true,"href":"http:\/\/portalcatolico.net\/portal\/wp-json\/wp\/v2\/tags?post=60708"}],"curies":[{"name":"wp","href":"https:\/\/api.w.org\/{rel}","templated":true}]}}