{"id":60706,"date":"2018-10-28T00:48:12","date_gmt":"2018-10-28T03:48:12","guid":{"rendered":"http:\/\/portalcatolico.net\/portal\/?p=60706"},"modified":"2018-10-27T21:48:34","modified_gmt":"2018-10-28T00:48:34","slug":"hoje-e-dia-de-sao-judas-tadeu","status":"publish","type":"post","link":"http:\/\/portalcatolico.net\/portal\/hoje-e-dia-de-sao-judas-tadeu\/","title":{"rendered":"Hoje \u00e9 dia de S\u00e3o Judas Tadeu!"},"content":{"rendered":"<p style=\"font-weight: 400;\">O padroeiro dos funcion\u00e1rios p\u00fablicos, S\u00e3o Judas Tadeu, est\u00e1 sendo&nbsp;&nbsp;homenageado neste domingo, dia 28 de outubro, em v\u00e1rias Igrejas no&nbsp;&nbsp;Brasil .<br \/>\nO Dia de S\u00e3o Judas Tadeu \u00e9 \u00e9 visto pela comunidade cat\u00f3lica como um dia para se pedir&nbsp;pelas &#8220;causas imposs\u00edveis&#8221;.<\/p>\n<p style=\"font-weight: 400;\">Os fi\u00e9is e devotos do santo buscam nesse dia&nbsp;algumas formas de fazer os pedidos a S\u00e3o Judas atrav\u00e9s de novenas, ora\u00e7\u00f5es e&nbsp;romarias ou para agradecer uma gra\u00e7a&nbsp;alcan\u00e7ada atrav\u00e9s do santo.<br \/>\nS\u00e3o Judas \u00e9 natural da cidade de Can\u00e1 da Galil\u00e9ia, na atual Palestina.&nbsp;Filho de Cl\u00e9ofas (que era irm\u00e3o de S\u00e3o Jos\u00e9 que \u00e9 tamb\u00e9m considerado um&nbsp;santo no catolicismo) e de Maria de Cl\u00e9ofas (que era irm\u00e3 de Nossa&nbsp;Senhora) e consequentemente tinha parentesco com Jesus da Galil\u00e9ia,&nbsp;sendo seu primo. S\u00e3o Judas era irm\u00e3o de S\u00e3o Tiago e S\u00e3o Sim\u00e3o ap\u00f3stolos&nbsp;de Jesus, assim como ele era como consta na carta de Lc 6, 12 \u2013 16.<\/p>\n<p style=\"font-weight: 400;\">S\u00e3o Judas Tadeu participou da \u00faltima ceia com Jesus e testemunhou sua&nbsp;morte e ressurrei\u00e7\u00e3o. Ap\u00f3s esse testemunho, S\u00e3o Judas come\u00e7ou a&nbsp;evangelizar nos territ\u00f3rios da Galileia, Samaria, Idumeia, S\u00edria,&nbsp;Mesopot\u00e2mia, Arm\u00eania e P\u00e9rsia, sendo um dos escritores do Novo&nbsp;Testamento &#8220;A Carta de Judas&#8221;.A devo\u00e7\u00e3o ao santo S\u00e3o Judas Tadeu \u00e9 muito forte em todo o mundo.<\/p>\n<p style=\"font-weight: 400;\">H\u00e1&nbsp;milhares de par\u00f3quias espalhadas pelo Brasil e a comemora\u00e7\u00e3o com festas&nbsp;e prociss\u00f5es s\u00e3o realizadas todo dia 28 de outubro de cada ano. S\u00e3o&nbsp;feitas b\u00ean\u00e7\u00e3os de objetos das pessoas, desde medalhas at\u00e9 chaves e&nbsp;roupas de pessoas que ali n\u00e3o puderam estar. S\u00e3o Judas Tadeu \u00e9 tamb\u00e9m&nbsp;considerado o padroeiro dos funcion\u00e1rios p\u00fablicos. \u00c9 importante lembrar&nbsp;que S\u00e3o Judas Tadeu e Judas Iscariotes&nbsp; (aquele que traiu Jesus) n\u00e3o s\u00e3o&nbsp;as mesmas pessoas.<\/p>\n<p style=\"font-weight: 400;\">&nbsp;<\/p>\n","protected":false},"excerpt":{"rendered":"<p>O padroeiro dos funcion\u00e1rios p\u00fablicos, S\u00e3o Judas Tadeu, est\u00e1 sendo&nbsp;&nbsp;homenageado neste domingo, dia 28 de outubro, em v\u00e1rias Igrejas no&nbsp;&nbsp;Brasil . O Dia de S\u00e3o Judas Tadeu \u00e9 \u00e9 visto pela comunidade cat\u00f3lica como um dia para se pedir&nbsp;pelas &#8220;causas imposs\u00edveis&#8221;. Os fi\u00e9is e devotos do santo buscam nesse dia&nbsp;algumas formas de fazer os pedidos&nbsp;<\/p>\n<p><a class=\"btn btn-style\" href=\"http:\/\/portalcatolico.net\/portal\/hoje-e-dia-de-sao-judas-tadeu\/\">Continue Reading<\/a><\/p>\n","protected":false},"author":2,"featured_media":60515,"comment_status":"open","ping_status":"open","sticky":false,"template":"","format":"standard","meta":{"footnotes":""},"categories":[69],"tags":[],"class_list":["post-60706","post","type-post","status-publish","format-standard","has-post-thumbnail","hentry","category-artigos"],"_links":{"self":[{"href":"http:\/\/portalcatolico.net\/portal\/wp-json\/wp\/v2\/posts\/60706","targetHints":{"allow":["GET"]}}],"collection":[{"href":"http:\/\/portalcatolico.net\/portal\/wp-json\/wp\/v2\/posts"}],"about":[{"href":"http:\/\/portalcatolico.net\/portal\/wp-json\/wp\/v2\/types\/post"}],"author":[{"embeddable":true,"href":"http:\/\/portalcatolico.net\/portal\/wp-json\/wp\/v2\/users\/2"}],"replies":[{"embeddable":true,"href":"http:\/\/portalcatolico.net\/portal\/wp-json\/wp\/v2\/comments?post=60706"}],"version-history":[{"count":1,"href":"http:\/\/portalcatolico.net\/portal\/wp-json\/wp\/v2\/posts\/60706\/revisions"}],"predecessor-version":[{"id":60707,"href":"http:\/\/portalcatolico.net\/portal\/wp-json\/wp\/v2\/posts\/60706\/revisions\/60707"}],"wp:featuredmedia":[{"embeddable":true,"href":"http:\/\/portalcatolico.net\/portal\/wp-json\/wp\/v2\/media\/60515"}],"wp:attachment":[{"href":"http:\/\/portalcatolico.net\/portal\/wp-json\/wp\/v2\/media?parent=60706"}],"wp:term":[{"taxonomy":"category","embeddable":true,"href":"http:\/\/portalcatolico.net\/portal\/wp-json\/wp\/v2\/categories?post=60706"},{"taxonomy":"post_tag","embeddable":true,"href":"http:\/\/portalcatolico.net\/portal\/wp-json\/wp\/v2\/tags?post=60706"}],"curies":[{"name":"wp","href":"https:\/\/api.w.org\/{rel}","templated":true}]}}