{"id":60693,"date":"2018-10-26T06:04:56","date_gmt":"2018-10-26T09:04:56","guid":{"rendered":"http:\/\/portalcatolico.net\/portal\/?p=60693"},"modified":"2018-10-26T06:08:38","modified_gmt":"2018-10-26T09:08:38","slug":"texto-base-da-cf-2019-incentiva-participacao-dos-cidadaos-na-construcao-de-politicas-publicas","status":"publish","type":"post","link":"http:\/\/portalcatolico.net\/portal\/texto-base-da-cf-2019-incentiva-participacao-dos-cidadaos-na-construcao-de-politicas-publicas\/","title":{"rendered":"Texto-base da CF 2019 incentiva participa\u00e7\u00e3o dos cidad\u00e3os na constru\u00e7\u00e3o de Pol\u00edticas P\u00fablicas"},"content":{"rendered":"<p>Buscando estimular a participa\u00e7\u00e3o em Pol\u00edticas P\u00fablicas, \u00e0 luz da Palavra de Deus e da Doutrina Social da Igreja para fortalecer a cidadania e o bem comum, sinais de fraternidade, a Campanha da Fraternidade 2019 ter\u00e1 in\u00edcio em todo o pa\u00eds no dia 6 de mar\u00e7o. Com o tema \u201cFraternidade e Pol\u00edticas P\u00fablicas\u201d e o lema \u201cSer\u00e1s libertado pelo direito e pela Justi\u00e7a\u201d, a CF busca conhecer como s\u00e3o formuladas e aplicadas as Pol\u00edticas P\u00fablicas estabelecidas pelo Estado brasileiro.<\/p>\n<div id=\"attachment_202668\" class=\"wp-caption alignright\">\n<p><img loading=\"lazy\" decoding=\"async\" class=\"wp-image-202668 size-medium\" src=\"http:\/\/www.cnbb.org.br\/wp-content\/uploads\/sites\/32\/2018\/10\/IMG_4751-300x169.jpg\" srcset=\"http:\/\/www.cnbb.org.br\/wp-content\/uploads\/sites\/32\/2018\/10\/IMG_4751-300x169.jpg 300w, http:\/\/www.cnbb.org.br\/wp-content\/uploads\/sites\/32\/2018\/10\/IMG_4751-768x432.jpg 768w, http:\/\/www.cnbb.org.br\/wp-content\/uploads\/sites\/32\/2018\/10\/IMG_4751-1024x576.jpg 1024w\" alt=\"\" width=\"300\" height=\"169\"><\/p>\n<p class=\"wp-caption-text\"><em>Texto-base da CF 2019. Foto: CNBB\/Daniel Flores<\/em><\/p>\n<\/div>\n<p>Como forma de despertar a consci\u00eancia e incentivar a participa\u00e7\u00e3o de todo cidad\u00e3o na constru\u00e7\u00e3o de Pol\u00edticas P\u00fablicas em \u00e2mbito nacional, estadual e municipal, a Comiss\u00e3o Nacional da CF preparou o texto-base, que contou com a participa\u00e7\u00e3o e contribui\u00e7\u00e3o de v\u00e1rios especialistas e pesquisadores, bem como com a consulta a lideran\u00e7as de movimentos e entidades sociais. Dividido no m\u00e9todo ver, julgar e agir, o subs\u00eddio aponta uma s\u00e9rie de iniciativas que ajudar\u00e3o a colocar em pr\u00e1tica as propostas incentivadas pela Campanha.<\/p>\n<p>Como exemplo dessas a\u00e7\u00f5es, o texto-base al\u00e9m de contextualizar o que \u00e9 o poder p\u00fablico, os tipos de poder e os condicionantes nas pol\u00edticas p\u00fablicas, fala sobre o papel dos atores sociais nas Pol\u00edticas P\u00fablicas. A participa\u00e7\u00e3o da sociedade no controle social das Pol\u00edticas P\u00fablicas \u00e9 outro tema de destaque no texto-base. \u201cPol\u00edtica P\u00fablica n\u00e3o \u00e9 somente a a\u00e7\u00e3o do governo, mas tamb\u00e9m a rela\u00e7\u00e3o entre as institui\u00e7\u00f5es e os diversos atores, sejam individuais ou coletivos, envolvidos na solu\u00e7\u00e3o de determinados problemas\u201d, afirma o secret\u00e1rio-geral da CNBB, dom Leonardo Steiner.<\/p>\n<p>Ainda segundo dom Leonardo, devem ser utilizados princ\u00edpios, crit\u00e9rios e procedimentos que podem resultar em a\u00e7\u00f5es, projetos ou programas que garantam aos povos os direitos e deveres previstos na Constitui\u00e7\u00e3o Federal e em outras leis. Por isso, segundo ele, a tem\u00e1tica se fez necess\u00e1ria para a CF de 2019. \u201cPol\u00edticas P\u00fablicas s\u00e3o as a\u00e7\u00f5es discutidas, aprovadas e programadas para que todos os cidad\u00e3os possam ter vida digna\u201d, afirma dom Leonardo.<\/p>\n<div id=\"attachment_202669\" class=\"wp-caption alignleft\">\n<p><img loading=\"lazy\" decoding=\"async\" class=\"wp-image-202669 size-medium\" src=\"http:\/\/www.cnbb.org.br\/wp-content\/uploads\/sites\/32\/2018\/10\/IMG_4748-300x169.jpg\" srcset=\"http:\/\/www.cnbb.org.br\/wp-content\/uploads\/sites\/32\/2018\/10\/IMG_4748-300x169.jpg 300w, http:\/\/www.cnbb.org.br\/wp-content\/uploads\/sites\/32\/2018\/10\/IMG_4748-768x432.jpg 768w, http:\/\/www.cnbb.org.br\/wp-content\/uploads\/sites\/32\/2018\/10\/IMG_4748-1024x576.jpg 1024w\" alt=\"\" width=\"300\" height=\"169\"><\/p>\n<p class=\"wp-caption-text\"><em>Outros subs\u00eddios da CF 2019. Foto: CNBB\/Daniel Flores<\/em><\/p>\n<\/div>\n<p>Al\u00e9m do texto-base, outros materiais foram produzidos para dar apoio nesta miss\u00e3o: c\u00edrculos b\u00edblicos, que trazem aprofundamento da Palavra de Deus; sugest\u00e3o de celebra\u00e7\u00e3o ecum\u00eanica, para reunir pastores e representantes de outras Igrejas na prepara\u00e7\u00e3o desse evento; a Cartilha Fraternidade Viva, rodas de conversa com a perspectiva de aprofundar-se no tema e a vig\u00edlia eucar\u00edstica e celebra\u00e7\u00e3o da miseric\u00f3rdia. Todos eles est\u00e3o dispon\u00edveis no site da Editora da CNBB (<a href=\"https:\/\/www.edicoescnbb.com.br\/campanha-da-fraternidade-2019\">clique aqui<\/a>).<\/p>\n<p><strong>Cartaz CF 2019<\/strong><\/p>\n<p>Levando em considera\u00e7\u00e3o que as Pol\u00edticas P\u00fablicas dizem respeito a toda a sociedade em suas v\u00e1rias dimens\u00f5es, e que visam assegurar os direitos humanos mais elementares para que cada pessoa tenha condi\u00e7\u00f5es de viver com dignidade, o autor do cartaz da CF 2019 padre Erivaldo Dantas, buscou ressaltar na arte, atrav\u00e9s de silhuetas, a presen\u00e7a de algumas categorias sociais que considera importante para a reflex\u00e3o da Igreja e da sociedade.<\/p>\n<div id=\"attachment_196821\" class=\"wp-caption aligncenter\" style=\"width: 730px;\">\n<p><img loading=\"lazy\" decoding=\"async\" class=\"wp-image-196821 \" src=\"http:\/\/www.cnbb.org.br\/wp-content\/uploads\/sites\/32\/2018\/07\/Cartaz-CF2019-1-300x207.png\" srcset=\"http:\/\/www.cnbb.org.br\/wp-content\/uploads\/sites\/32\/2018\/07\/Cartaz-CF2019-1-300x207.png 300w, http:\/\/www.cnbb.org.br\/wp-content\/uploads\/sites\/32\/2018\/07\/Cartaz-CF2019-1.png 702w\" alt=\"\" width=\"730\" height=\"503\"><\/p>\n<p class=\"wp-caption-text\">&nbsp; &nbsp; &nbsp; &nbsp; &nbsp; &nbsp; &nbsp; &nbsp; &nbsp; &nbsp; &nbsp; &nbsp; &nbsp; &nbsp; &nbsp; &nbsp; &nbsp; &nbsp; &nbsp; &nbsp; &nbsp; &nbsp; &nbsp; &nbsp; &nbsp; &nbsp; &nbsp; &nbsp; &nbsp; &nbsp; &nbsp; &nbsp; &nbsp; &nbsp; &nbsp; &nbsp; &nbsp; &nbsp; &nbsp;Cartaz da CF 2019<\/p>\n<\/div>\n<p>A escolha da obra vencedora foi feita pelo Conselho Episcopal Pastoral (Consep) da CNBB, e devia obedecer especifica\u00e7\u00f5es estipuladas no edital do concurso, entre as quais evidenciar o tema da CF 2019: \u201cFraternidade e Pol\u00edticas P\u00fablicas\u201d e o lema \u201cSer\u00e1s libertado pelo direito e pela justi\u00e7a (Is 1,27)\u201d.<\/p>\n<p>\u201cDesejo que a proposta para o Cartaz da CF possa representar o anseio da Igreja no Brasil de ajudar a sociedade a refletir e reconhecer seus direitos, atrav\u00e9s das Pol\u00edticas P\u00fablicas, ou, quem sabe, entender e discutir a necessidade da elabora\u00e7\u00e3o de novas pol\u00edticas em conson\u00e2ncia com as necessidades humanas da sociedade atual\u201d, finaliza o padre.<\/p>\n<p>O cartaz tamb\u00e9m est\u00e1 dispon\u00edvel no site da Editora CNBB (<a href=\"https:\/\/www.edicoescnbb.com.br\/campanha-da-fraternidade-2019\">clique aqui<\/a>).<\/p>\n<p>Informa\u00e7\u00f5es do site oficial da CNBB<\/p>\n","protected":false},"excerpt":{"rendered":"<p>Buscando estimular a participa\u00e7\u00e3o em Pol\u00edticas P\u00fablicas, \u00e0 luz da Palavra de Deus e da Doutrina Social da Igreja para fortalecer a cidadania e o bem comum, sinais de fraternidade, a Campanha da Fraternidade 2019 ter\u00e1 in\u00edcio em todo o pa\u00eds no dia 6 de mar\u00e7o. Com o tema \u201cFraternidade e Pol\u00edticas P\u00fablicas\u201d e o&nbsp;<\/p>\n<p><a class=\"btn btn-style\" href=\"http:\/\/portalcatolico.net\/portal\/texto-base-da-cf-2019-incentiva-participacao-dos-cidadaos-na-construcao-de-politicas-publicas\/\">Continue Reading<\/a><\/p>\n","protected":false},"author":2,"featured_media":60694,"comment_status":"open","ping_status":"open","sticky":false,"template":"","format":"standard","meta":{"footnotes":""},"categories":[69],"tags":[],"class_list":["post-60693","post","type-post","status-publish","format-standard","has-post-thumbnail","hentry","category-artigos"],"_links":{"self":[{"href":"http:\/\/portalcatolico.net\/portal\/wp-json\/wp\/v2\/posts\/60693","targetHints":{"allow":["GET"]}}],"collection":[{"href":"http:\/\/portalcatolico.net\/portal\/wp-json\/wp\/v2\/posts"}],"about":[{"href":"http:\/\/portalcatolico.net\/portal\/wp-json\/wp\/v2\/types\/post"}],"author":[{"embeddable":true,"href":"http:\/\/portalcatolico.net\/portal\/wp-json\/wp\/v2\/users\/2"}],"replies":[{"embeddable":true,"href":"http:\/\/portalcatolico.net\/portal\/wp-json\/wp\/v2\/comments?post=60693"}],"version-history":[{"count":4,"href":"http:\/\/portalcatolico.net\/portal\/wp-json\/wp\/v2\/posts\/60693\/revisions"}],"predecessor-version":[{"id":60698,"href":"http:\/\/portalcatolico.net\/portal\/wp-json\/wp\/v2\/posts\/60693\/revisions\/60698"}],"wp:featuredmedia":[{"embeddable":true,"href":"http:\/\/portalcatolico.net\/portal\/wp-json\/wp\/v2\/media\/60694"}],"wp:attachment":[{"href":"http:\/\/portalcatolico.net\/portal\/wp-json\/wp\/v2\/media?parent=60693"}],"wp:term":[{"taxonomy":"category","embeddable":true,"href":"http:\/\/portalcatolico.net\/portal\/wp-json\/wp\/v2\/categories?post=60693"},{"taxonomy":"post_tag","embeddable":true,"href":"http:\/\/portalcatolico.net\/portal\/wp-json\/wp\/v2\/tags?post=60693"}],"curies":[{"name":"wp","href":"https:\/\/api.w.org\/{rel}","templated":true}]}}