{"id":60689,"date":"2018-10-26T05:36:39","date_gmt":"2018-10-26T08:36:39","guid":{"rendered":"http:\/\/portalcatolico.net\/portal\/?p=60689"},"modified":"2018-10-26T05:36:39","modified_gmt":"2018-10-26T08:36:39","slug":"eleicoes-um-passo","status":"publish","type":"post","link":"http:\/\/portalcatolico.net\/portal\/eleicoes-um-passo\/","title":{"rendered":"Elei\u00e7\u00f5es, um passo"},"content":{"rendered":"<p>As Elei\u00e7\u00f5es marcam o in\u00edcio de um novo ciclo, resultado da vontade dos cidad\u00e3os. \u00c9, nesse sentido, um passo novo, mas n\u00e3o um \u201cpasse de m\u00e1gica\u201d. A sociedade \u00e9 desafiada a compreender: h\u00e1 um longo caminho a ser constru\u00eddo, exigindo o empenho e a contribui\u00e7\u00e3o de cada cidad\u00e3o. Por isso, n\u00e3o se pode acreditar na solu\u00e7\u00e3o imediata dos problemas, simplesmente porque determinado candidato venceu o pleito. O dia seguinte \u00e0s Elei\u00e7\u00f5es n\u00e3o \u00e9 um \u201cconto de fadas\u201d. Para vencer seus muitos desafios, o povo brasileiro necessita buscar respostas alicer\u00e7adas em um profundo humanismo, em princ\u00edpios e valores fundamentais conforme exige o sistema democr\u00e1tico.&nbsp;&nbsp;<\/p>\n<p>\u00c9 ilus\u00f3ria a possibilidade de se conquistar o bem comum fora dos trilhos da democracia, por meio de escolhas unilaterais ou imposi\u00e7\u00f5es. A participa\u00e7\u00e3o cidad\u00e3, al\u00e9m de possibilitar a escolha dos representantes do povo nas elei\u00e7\u00f5es, assegura aos governados a prerrogativa de acompanhar e direcionar a atua\u00e7\u00e3o dos pr\u00f3prios governantes. Assim, o sistema democr\u00e1tico oferece mecanismos para que o poder do Estado n\u00e3o seja apropriado por interesses particulares ou objetivos ideol\u00f3gicos.<\/p>\n<p>A partir das elei\u00e7\u00f5es \u00e9 necess\u00e1rio renovar a compreens\u00e3o de que uma aut\u00eantica democracia requer um Estado regido pelo Direito, sobre a base de uma rica concep\u00e7\u00e3o do ser humano, conforme ensina a Doutrina Social da Igreja Cat\u00f3lica. Os eleitos, acima de tudo, t\u00eam o compromisso de defender a democracia. Essa defesa vai al\u00e9m do mero respeito formal a determinadas regras. \u00c9 preciso aceitar, com convic\u00e7\u00e3o, os valores que inspiram os procedimentos democr\u00e1ticos: o zelo pelos direitos e pela dignidade humana, a busca do bem comum.<\/p>\n<p>Sem o consenso sobre a import\u00e2ncia desses valores, a democracia perde a sua estabilidade. Por isso, \u00e9 perigoso quando os representantes do povo, nos tr\u00eas poderes, navegam no leito do relativismo \u00e9tico. Esse relativismo leva \u00e0 manipula\u00e7\u00e3o de valores, que passam a ser negociados, em vez de serem compreendidos como crit\u00e9rios objetivos a serem respeitados. Consequentemente, o exerc\u00edcio da representatividade deixa de ser eficaz, pois os poderes tornam-se caminho para alcan\u00e7ar objetivos pouco nobres. Uma democracia sem princ\u00edpios converte-se, facilmente, em totalitarismo, aberto ou dissimulado.<\/p>\n<p>Para se preservar o regime democr\u00e1tico \u00e9 preciso agir em conformidade com a lei moral, que \u00e9 soberana e sustenta o indispens\u00e1vel equil\u00edbrio entre os poderes. Nesse horizonte, espera-se compet\u00eancia human\u00edstica daqueles que exercem o poder. Assim se legitima a autoridade perante o povo e se conquista credibilidade. Deve ser compromisso primordial dos eleitos promover a boa conviv\u00eancia civil, sendo sempre sens\u00edveis \u00e0s dores do povo. Para exercer essa tarefa, n\u00e3o podem subestimar a dimens\u00e3o moral no exerc\u00edcio do mandato pol\u00edtico.<\/p>\n<p>Lamentavelmente, s\u00e3o muitas as deforma\u00e7\u00f5es do sistema democr\u00e1tico &#8211; a corrup\u00e7\u00e3o pol\u00edtica, a trai\u00e7\u00e3o de princ\u00edpios morais e a inaceit\u00e1vel negocia\u00e7\u00e3o da justi\u00e7a social. Para corrigir esses descompassos, os partidos pol\u00edticos devem ser capazes de favorecer a participa\u00e7\u00e3o cidad\u00e3, consolidando o entendimento da responsabilidade de todos pelos rumos da sociedade em um sistema democr\u00e1tico. \u00c9 exigido qualificado desempenho dos que ocupam cargos nos tr\u00eas poderes, mas tamb\u00e9m \u00e9 indispens\u00e1vel a colabora\u00e7\u00e3o cidad\u00e3 de cada pessoa na defini\u00e7\u00e3o dos rumos do pa\u00eds.&nbsp; A cidadania brasileira est\u00e1 desafiada a conquistar novos modos de agir. A primeira etapa desse desafio \u00e9 o voto consciente, com lucidez. Esse voto qualificado contempla tamb\u00e9m o entendimento de que as elei\u00e7\u00f5es n\u00e3o t\u00eam for\u00e7a m\u00e1gica, com o poder imediato de tudo mudar, mas constituem um importante passo, na tarefa de se percorrer um longo caminho.&nbsp;<\/p>\n<p>Dom Walmor Oliveira de Azevedo<\/p>\n<p>Arcebispo metropolitano de Belo Horizonte (MG)<\/p>\n","protected":false},"excerpt":{"rendered":"<p>As Elei\u00e7\u00f5es marcam o in\u00edcio de um novo ciclo, resultado da vontade dos cidad\u00e3os. \u00c9, nesse sentido, um passo novo, mas n\u00e3o um \u201cpasse de m\u00e1gica\u201d. A sociedade \u00e9 desafiada a compreender: h\u00e1 um longo caminho a ser constru\u00eddo, exigindo o empenho e a contribui\u00e7\u00e3o de cada cidad\u00e3o. Por isso, n\u00e3o se pode acreditar na&nbsp;<\/p>\n<p><a class=\"btn btn-style\" href=\"http:\/\/portalcatolico.net\/portal\/eleicoes-um-passo\/\">Continue Reading<\/a><\/p>\n","protected":false},"author":2,"featured_media":60690,"comment_status":"open","ping_status":"open","sticky":false,"template":"","format":"standard","meta":{"footnotes":""},"categories":[69],"tags":[],"class_list":["post-60689","post","type-post","status-publish","format-standard","has-post-thumbnail","hentry","category-artigos"],"_links":{"self":[{"href":"http:\/\/portalcatolico.net\/portal\/wp-json\/wp\/v2\/posts\/60689","targetHints":{"allow":["GET"]}}],"collection":[{"href":"http:\/\/portalcatolico.net\/portal\/wp-json\/wp\/v2\/posts"}],"about":[{"href":"http:\/\/portalcatolico.net\/portal\/wp-json\/wp\/v2\/types\/post"}],"author":[{"embeddable":true,"href":"http:\/\/portalcatolico.net\/portal\/wp-json\/wp\/v2\/users\/2"}],"replies":[{"embeddable":true,"href":"http:\/\/portalcatolico.net\/portal\/wp-json\/wp\/v2\/comments?post=60689"}],"version-history":[{"count":1,"href":"http:\/\/portalcatolico.net\/portal\/wp-json\/wp\/v2\/posts\/60689\/revisions"}],"predecessor-version":[{"id":60691,"href":"http:\/\/portalcatolico.net\/portal\/wp-json\/wp\/v2\/posts\/60689\/revisions\/60691"}],"wp:featuredmedia":[{"embeddable":true,"href":"http:\/\/portalcatolico.net\/portal\/wp-json\/wp\/v2\/media\/60690"}],"wp:attachment":[{"href":"http:\/\/portalcatolico.net\/portal\/wp-json\/wp\/v2\/media?parent=60689"}],"wp:term":[{"taxonomy":"category","embeddable":true,"href":"http:\/\/portalcatolico.net\/portal\/wp-json\/wp\/v2\/categories?post=60689"},{"taxonomy":"post_tag","embeddable":true,"href":"http:\/\/portalcatolico.net\/portal\/wp-json\/wp\/v2\/tags?post=60689"}],"curies":[{"name":"wp","href":"https:\/\/api.w.org\/{rel}","templated":true}]}}