{"id":60683,"date":"2018-10-25T23:43:00","date_gmt":"2018-10-26T02:43:00","guid":{"rendered":"http:\/\/portalcatolico.net\/portal\/?p=60683"},"modified":"2018-10-26T20:00:49","modified_gmt":"2018-10-26T23:00:49","slug":"paroquia-celebra-cinco-anos-do-terco-dos-homes","status":"publish","type":"post","link":"http:\/\/portalcatolico.net\/portal\/paroquia-celebra-cinco-anos-do-terco-dos-homes\/","title":{"rendered":"Par\u00f3quia celebra 5 anos do Ter\u00e7o dos Homens"},"content":{"rendered":"<p style=\"font-weight: 400;\">Nesta quinta-feira, 25 de outubro, a Par\u00f3quia Senhor do Bonfim, situada&nbsp;no bairro Jardim Primavera na cidade de Itabuna, celebrou o 5\u00ba&nbsp;aniversario do grupo do Ter\u00e7o dos Homens. A comemora\u00e7\u00e3o contou com&nbsp;missa, palestras, e o tradicional parab\u00e9ns&nbsp; e bolo. No final da&nbsp;celebra\u00e7\u00e3o, os fieis e os membros do Ter\u00e7o dos homens se confraternizam&nbsp;na quadra poliesportiva do Col\u00e9gio CAIC .<\/p>\n<p style=\"font-weight: 400;\">&nbsp;Os&nbsp;preparativos&nbsp; para os cinco anos do Ter\u00e7o dos homens&nbsp; &nbsp;iniciou na segunda \u2013feira,&nbsp;dia 22, e finalizou hoje( 25).<\/p>\n<p style=\"font-weight: 400;\">O tema foi:&#8221; Virgem Maria ajuda-nos a&nbsp;edificar a igreja do senhor&#8221; e o lema: &#8220;Maria, M\u00e3e da evangeliza\u00e7\u00e3o,&nbsp;ensina-nos a fazer tudo o que seu Filho nos disser&#8221;. A santa missa teve in\u00edcio \u00e0s 19h e foi presidida pelo bispo Diocesano&nbsp;da Diocese de Itabuna, Dom Carlos Alberto dos Santos, e concelebrada pelo&nbsp;di\u00e1cono Othon Dantas e o Pe. Manoel Carlos, p\u00e1roco da Igreja matriz do&nbsp;Senhor do Bonfim. O evento reuniu dezenas de fi\u00e9is da Igreja matriz e homens do&nbsp;ter\u00e7o de outras par\u00f3quias da Itabuna e da cidade S\u00e3o Jos\u00e9 da Vit\u00f3ria.<\/p>\n<p style=\"font-weight: 400;\">Na oportunidade, Dom Carlos falou: &#8220;S\u00e3o Paulo disse: &#8216;eu dobro os joelhos diante do Pai&#8217;, e os homens precisam dobrar os joelhos diante do Pai que nos ama e que nos quer fazer cada vez mais felizes&#8221;.<\/p>\n<p style=\"font-weight: 400;\">A&nbsp;miss\u00e3o do Ter\u00e7o dos Homens \u00e9 resgatar para o seio da Igreja de Cristo&nbsp;homens de todas as idades, pois a presen\u00e7a masculina na Igreja \u00e9&nbsp;imprescind\u00edvel para a forma\u00e7\u00e3o da fam\u00edlia e de uma sociedade crist\u00e3. O&nbsp;Ter\u00e7o dos Homens \u00e9 um exemplo de f\u00e9 e devo\u00e7\u00e3o. A cada semana no dia e&nbsp;hor\u00e1rio marcado, eles se encontram com seu ter\u00e7o nas m\u00e3os e muita&nbsp;disposi\u00e7\u00e3o e alegria para a referida ora\u00e7\u00e3o. N\u00e3o somente nas Igrejas,&nbsp;mas tamb\u00e9m nas casas de doentes e outros necessitados.<\/p>\n<p>\u00c1lbuns de fotos.<a href=\"http:\/\/portalcatolico.net\/portal\/terco-dos-homens-celebra-5-anos-de-fundacao-em-itabuna\/\">CLIQUE AQUI<\/a> e confira<\/p>\n","protected":false},"excerpt":{"rendered":"<p>Nesta quinta-feira, 25 de outubro, a Par\u00f3quia Senhor do Bonfim, situada&nbsp;no bairro Jardim Primavera na cidade de Itabuna, celebrou o 5\u00ba&nbsp;aniversario do grupo do Ter\u00e7o dos Homens. A comemora\u00e7\u00e3o contou com&nbsp;missa, palestras, e o tradicional parab\u00e9ns&nbsp; e bolo. No final da&nbsp;celebra\u00e7\u00e3o, os fieis e os membros do Ter\u00e7o dos homens se confraternizam&nbsp;na quadra poliesportiva do&nbsp;<\/p>\n<p><a class=\"btn btn-style\" href=\"http:\/\/portalcatolico.net\/portal\/paroquia-celebra-cinco-anos-do-terco-dos-homes\/\">Continue Reading<\/a><\/p>\n","protected":false},"author":2,"featured_media":60582,"comment_status":"open","ping_status":"open","sticky":false,"template":"","format":"standard","meta":{"footnotes":""},"categories":[68],"tags":[],"class_list":["post-60683","post","type-post","status-publish","format-standard","has-post-thumbnail","hentry","category-homilias"],"_links":{"self":[{"href":"http:\/\/portalcatolico.net\/portal\/wp-json\/wp\/v2\/posts\/60683","targetHints":{"allow":["GET"]}}],"collection":[{"href":"http:\/\/portalcatolico.net\/portal\/wp-json\/wp\/v2\/posts"}],"about":[{"href":"http:\/\/portalcatolico.net\/portal\/wp-json\/wp\/v2\/types\/post"}],"author":[{"embeddable":true,"href":"http:\/\/portalcatolico.net\/portal\/wp-json\/wp\/v2\/users\/2"}],"replies":[{"embeddable":true,"href":"http:\/\/portalcatolico.net\/portal\/wp-json\/wp\/v2\/comments?post=60683"}],"version-history":[{"count":4,"href":"http:\/\/portalcatolico.net\/portal\/wp-json\/wp\/v2\/posts\/60683\/revisions"}],"predecessor-version":[{"id":60705,"href":"http:\/\/portalcatolico.net\/portal\/wp-json\/wp\/v2\/posts\/60683\/revisions\/60705"}],"wp:featuredmedia":[{"embeddable":true,"href":"http:\/\/portalcatolico.net\/portal\/wp-json\/wp\/v2\/media\/60582"}],"wp:attachment":[{"href":"http:\/\/portalcatolico.net\/portal\/wp-json\/wp\/v2\/media?parent=60683"}],"wp:term":[{"taxonomy":"category","embeddable":true,"href":"http:\/\/portalcatolico.net\/portal\/wp-json\/wp\/v2\/categories?post=60683"},{"taxonomy":"post_tag","embeddable":true,"href":"http:\/\/portalcatolico.net\/portal\/wp-json\/wp\/v2\/tags?post=60683"}],"curies":[{"name":"wp","href":"https:\/\/api.w.org\/{rel}","templated":true}]}}