{"id":60570,"date":"2018-10-24T20:54:42","date_gmt":"2018-10-24T23:54:42","guid":{"rendered":"http:\/\/portalcatolico.net\/portal\/?p=60570"},"modified":"2018-10-24T20:54:42","modified_gmt":"2018-10-24T23:54:42","slug":"bispo-da-diocese-de-amargosa-anuncia-transferencias-de-padres-e-criacao-de-novas-paroquias","status":"publish","type":"post","link":"http:\/\/portalcatolico.net\/portal\/bispo-da-diocese-de-amargosa-anuncia-transferencias-de-padres-e-criacao-de-novas-paroquias\/","title":{"rendered":"Bispo da Diocese de Amargosa anuncia transfer\u00eancias de padres e cria\u00e7\u00e3o de novas par\u00f3quias"},"content":{"rendered":"<p>O Bispo da Diocese de Amargosa na Bahia, Dom Valdemir Ferreira, anunciou na noite desta ter\u00e7a-feira (23\/10), as transfer\u00eancias de padres que v\u00e3o acontecer nos pr\u00f3ximos meses. O comunicado, transmitido pela Clube FM, foi feito durante a Forma\u00e7\u00e3o do Clero, que est\u00e1 sendo realizado desde segunda-feira (22), em uma fazenda na zona rural de Concei\u00e7\u00e3o do Almeida.<\/p>\n<p>Al\u00e9m das 22 transfer\u00eancias de padres, tr\u00eas novas par\u00f3quias ser\u00e3o criadas:&nbsp;Nossa Senhora Rainha dos Anjos em Nazar\u00e9,&nbsp;Nossa Senhora das Merc\u00eas no Alto Santo Ant\u00f4nio em Santo Antonio de Jesus, e Santo Ant\u00f4nio em Mutu\u00edpe. Tamb\u00e9m foi anunciado que os di\u00e1conos Ranio, Natael, Roberto e Edson, cada um deles, assumir\u00e1 uma par\u00f3quia. E o padre Jos\u00e9 Bomfim assume a reitoria do Semin\u00e1rio Maior Nossa Senhora do Bom Conselho.<\/p>\n<p><strong>Confira o v\u00eddeo com o an\u00fancio:&nbsp;<\/strong><\/p>\n<p><iframe loading=\"lazy\"  id=\"_ytid_59892\"  width=\"480\" height=\"270\"  data-origwidth=\"480\" data-origheight=\"270\" src=\"https:\/\/www.youtube.com\/embed\/pUGLbLISn68?enablejsapi=1&#038;autoplay=0&#038;cc_load_policy=0&#038;cc_lang_pref=&#038;iv_load_policy=1&#038;loop=0&#038;rel=1&#038;fs=1&#038;playsinline=0&#038;autohide=2&#038;theme=dark&#038;color=red&#038;controls=1&#038;disablekb=0&#038;\" class=\"__youtube_prefs__  epyt-is-override  no-lazyload\" title=\"YouTube player\"  allow=\"fullscreen; accelerometer; autoplay; clipboard-write; encrypted-media; gyroscope; picture-in-picture; web-share\" referrerpolicy=\"strict-origin-when-cross-origin\" allowfullscreen data-no-lazy=\"1\" data-skipgform_ajax_framebjll=\"\"><\/iframe><\/p>\n<p><strong>Confira a seguir os nomes dos padres que ser\u00e3o transferidos e suas novas par\u00f3quias :&nbsp;<\/strong><span id=\"more-126923\"><\/span><\/p>\n<p>Almiro Rezende Peixoto | Nossa Sr\u00aa do Bom Conselho | Amargosa<\/p>\n<p>\u00c2ngelo Vieira Cirqueira Filho | Nossa Sr\u00aa da Concei\u00e7\u00e3o&nbsp;| Castro Alves<\/p>\n<p>Antenor Louren\u00e7o dos Santos | Bom Jesus | (Vig\u00e1rio Paroquial) Valen\u00e7a<\/p>\n<p>Cristov\u00e3o Reis Brito de Figuer\u00eado | S\u00e3o Miguel Arcanjo | S\u00e3o Miguel das Matas<\/p>\n<p>Daniel da Silva Bitencurt | Nossa Sr\u00aa da Concei\u00e7\u00e3o | Concei\u00e7\u00e3o do Almeida<\/p>\n<p>Everaldo Santos Souza | Nossa Sr\u00aa do Ros\u00e1rio | Cairu<\/p>\n<p>Fausto Lopes Mota | Santo Antonio de P\u00e1dua | Muniz Ferreira<\/p>\n<p>Gilton Barbosa Abreu | Santo Antonio de P\u00e1dua de Para\u00edso | El\u00edsio Medrado<\/p>\n<p>Gon\u00e7alo Marinho dos Santos | S\u00e3o Br\u00e1s | Tapero\u00e1<\/p>\n<p>Jorge dos Santos Pereira | Nossa Senhora das Merc\u00eas | (Alto Santo Ant\u00f4nio) Santo Antonio de Jesus<\/p>\n<p>Jos\u00e9 Barreto de Farias Filho | Nossa Sr\u00aa da Concei\u00e7\u00e3o | Itatim<\/p>\n<p>Jos\u00e9 Edson Barros dos Santos | Nossa Sr\u00aa da Concei\u00e7\u00e3o | Varzedo<\/p>\n<p>Jos\u00e9 Raimundo Galv\u00e3o | Nossa Sr\u00aa das Gra\u00e7as | &nbsp;Santo Antonio de Jesus<\/p>\n<p>Marco Antonio de Moraes &nbsp;Cruz | S\u00e3o Filipe e S\u00e3o Tiago | S\u00e3o Felipe<\/p>\n<p>Neivaldo Carvalho Santos | Bom Jesus | Valen\u00e7a<\/p>\n<p>Nilvandro Oliveira Silva | Santo Antonio de P\u00e1dua | Mutu\u00edpe<\/p>\n<p>Raimundo Costa Santana | S\u00e3o Roque | Dom Macedo Costa<\/p>\n<p>Raimundo de Jesus Santos | Sr\u00aa Sant\u2019Ana e Nossa Sr\u00aa d\u2019Ajuda | Aratu\u00edpe\/Jaguaripe<\/p>\n<p>S\u00e9rgio Braga dos Santos Neto | Senhor do Bonfim | Jiquiri\u00e7\u00e1<\/p>\n<p>Valmiro Cerqueira Santiago | S\u00e3o Jos\u00e9 do Andai\u00e1 | Santo Antonio de Jesus<\/p>\n<p>Valter de Menezes Moura | Nossa Sr\u00aa de Brotas | Milagres<\/p>\n<p><strong>DI\u00c1CONOS E SUAS NOVAS PAR\u00d3QUIAS<\/strong><\/p>\n<p>Edson dos Santos Nascimento | N. Sr\u00aa. da Concei\u00e7\u00e3o | Santa Terezinha<\/p>\n<p>Natael Costa Santos | S\u00e3o Vicente Ferrer | Uba\u00edra<\/p>\n<p>Ranio dos Santos Guerra | Sagrado Cora\u00e7\u00e3o de Jesus | Ia\u00e7u<\/p>\n<p>Roberto Moraes dos Santos | N. Sr\u00aa Rainha dos Anjos | Nazar\u00e9<\/p>\n<p><strong>NOVO REITOR DO SEMIN\u00c1RIO MAIOR NOSSA SENHORA DO BOM CONSELHO<\/strong><\/p>\n<p>Jos\u00e9 Bonfim Santos Rodrigues<\/p>\n<p>Texto e foto: H\u00e9lio Alves\/ Tribuna do Rec\u00f4ncavo<\/p>\n","protected":false},"excerpt":{"rendered":"<p>O Bispo da Diocese de Amargosa na Bahia, Dom Valdemir Ferreira, anunciou na noite desta ter\u00e7a-feira (23\/10), as transfer\u00eancias de padres que v\u00e3o acontecer nos pr\u00f3ximos meses. O comunicado, transmitido pela Clube FM, foi feito durante a Forma\u00e7\u00e3o do Clero, que est\u00e1 sendo realizado desde segunda-feira (22), em uma fazenda na zona rural de Concei\u00e7\u00e3o&nbsp;<\/p>\n<p><a class=\"btn btn-style\" href=\"http:\/\/portalcatolico.net\/portal\/bispo-da-diocese-de-amargosa-anuncia-transferencias-de-padres-e-criacao-de-novas-paroquias\/\">Continue Reading<\/a><\/p>\n","protected":false},"author":2,"featured_media":60571,"comment_status":"open","ping_status":"open","sticky":false,"template":"","format":"standard","meta":{"footnotes":""},"categories":[65],"tags":[],"class_list":["post-60570","post","type-post","status-publish","format-standard","has-post-thumbnail","hentry","category-entrevistas"],"_links":{"self":[{"href":"http:\/\/portalcatolico.net\/portal\/wp-json\/wp\/v2\/posts\/60570","targetHints":{"allow":["GET"]}}],"collection":[{"href":"http:\/\/portalcatolico.net\/portal\/wp-json\/wp\/v2\/posts"}],"about":[{"href":"http:\/\/portalcatolico.net\/portal\/wp-json\/wp\/v2\/types\/post"}],"author":[{"embeddable":true,"href":"http:\/\/portalcatolico.net\/portal\/wp-json\/wp\/v2\/users\/2"}],"replies":[{"embeddable":true,"href":"http:\/\/portalcatolico.net\/portal\/wp-json\/wp\/v2\/comments?post=60570"}],"version-history":[{"count":1,"href":"http:\/\/portalcatolico.net\/portal\/wp-json\/wp\/v2\/posts\/60570\/revisions"}],"predecessor-version":[{"id":60572,"href":"http:\/\/portalcatolico.net\/portal\/wp-json\/wp\/v2\/posts\/60570\/revisions\/60572"}],"wp:featuredmedia":[{"embeddable":true,"href":"http:\/\/portalcatolico.net\/portal\/wp-json\/wp\/v2\/media\/60571"}],"wp:attachment":[{"href":"http:\/\/portalcatolico.net\/portal\/wp-json\/wp\/v2\/media?parent=60570"}],"wp:term":[{"taxonomy":"category","embeddable":true,"href":"http:\/\/portalcatolico.net\/portal\/wp-json\/wp\/v2\/categories?post=60570"},{"taxonomy":"post_tag","embeddable":true,"href":"http:\/\/portalcatolico.net\/portal\/wp-json\/wp\/v2\/tags?post=60570"}],"curies":[{"name":"wp","href":"https:\/\/api.w.org\/{rel}","templated":true}]}}