{"id":60567,"date":"2018-10-24T21:48:37","date_gmt":"2018-10-25T00:48:37","guid":{"rendered":"http:\/\/portalcatolico.net\/portal\/?p=60567"},"modified":"2018-10-24T20:49:00","modified_gmt":"2018-10-24T23:49:00","slug":"diocese-de-ilheus-promovera-congresso-diocesano-do-laicato-em-novembro","status":"publish","type":"post","link":"http:\/\/portalcatolico.net\/portal\/diocese-de-ilheus-promovera-congresso-diocesano-do-laicato-em-novembro\/","title":{"rendered":"Diocese de Ilh\u00e9us promover\u00e1 Congresso Diocesano do Laicato em novembro"},"content":{"rendered":"<div dir=\"auto\">A Diocese de Ilh\u00e9us, no litoral sul baiano, ir\u00e1 promover no dia 25 de novembro, o Congresso Diocesano do Laicato. O encontro visa celebrar e refletir acerca da miss\u00e3o dos leigos e leigas na Igreja e na sociedade, em refer\u00eancia ao Ano do Nacional do Laicato, promovido pela Confer\u00eancia Nacional dos bispos do Brasil (CNBB).&nbsp;<\/div>\n<div dir=\"auto\">Participar\u00e3o do evento, caravanas das mais de 40 par\u00f3quias que comp\u00f5em a Diocese. O tema a ser refletido \u00e9: &#8220;Crist\u00e3os e leigos e leigas, sujeitos na Igreja em sa\u00edda, a servi\u00e7o do Reino&#8221;.<\/div>\n<div dir=\"auto\">O Congresso ser\u00e1 composto de palestras, momentos de ora\u00e7\u00e3o, apresenta\u00e7\u00f5es art\u00edsticas, entre outros momentos de evangeliza\u00e7\u00e3o.&nbsp;<\/div>\n<div dir=\"auto\">A acolhida acontecer\u00e1 \u00e0s 8h.&nbsp;<\/div>\n<div dir=\"auto\">O evento acontecer\u00e1 no Centro de Conven\u00e7\u00f5es, na Avenida Soares Lopes, no centro da cidade, sob a Coordena\u00e7\u00e3o do Conselho Diocesano dos Leigos\/as, com o apoio das diversas pastorais, movimentos e servi\u00e7os.&nbsp;<\/div>\n<div dir=\"auto\">Um dos organizadores do evento disse em uma rede social: &#8220;Vamos acolher todos com muito carinho e alegria as diversas caravanas de todas as cidades circunvizinhas e assim celebrar este ano no qual a igreja expressa e nos convida a assumir nosso papel de protagonista na evangeliza\u00e7\u00e3o&#8221;.&nbsp;<\/div>\n","protected":false},"excerpt":{"rendered":"<p>A Diocese de Ilh\u00e9us, no litoral sul baiano, ir\u00e1 promover no dia 25 de novembro, o Congresso Diocesano do Laicato. O encontro visa celebrar e refletir acerca da miss\u00e3o dos leigos e leigas na Igreja e na sociedade, em refer\u00eancia ao Ano do Nacional do Laicato, promovido pela Confer\u00eancia Nacional dos bispos do Brasil (CNBB).&nbsp;&nbsp;<\/p>\n<p><a class=\"btn btn-style\" href=\"http:\/\/portalcatolico.net\/portal\/diocese-de-ilheus-promovera-congresso-diocesano-do-laicato-em-novembro\/\">Continue Reading<\/a><\/p>\n","protected":false},"author":2,"featured_media":60568,"comment_status":"open","ping_status":"open","sticky":false,"template":"","format":"standard","meta":{"footnotes":""},"categories":[1],"tags":[],"class_list":["post-60567","post","type-post","status-publish","format-standard","has-post-thumbnail","hentry","category-agenda"],"_links":{"self":[{"href":"http:\/\/portalcatolico.net\/portal\/wp-json\/wp\/v2\/posts\/60567","targetHints":{"allow":["GET"]}}],"collection":[{"href":"http:\/\/portalcatolico.net\/portal\/wp-json\/wp\/v2\/posts"}],"about":[{"href":"http:\/\/portalcatolico.net\/portal\/wp-json\/wp\/v2\/types\/post"}],"author":[{"embeddable":true,"href":"http:\/\/portalcatolico.net\/portal\/wp-json\/wp\/v2\/users\/2"}],"replies":[{"embeddable":true,"href":"http:\/\/portalcatolico.net\/portal\/wp-json\/wp\/v2\/comments?post=60567"}],"version-history":[{"count":1,"href":"http:\/\/portalcatolico.net\/portal\/wp-json\/wp\/v2\/posts\/60567\/revisions"}],"predecessor-version":[{"id":60569,"href":"http:\/\/portalcatolico.net\/portal\/wp-json\/wp\/v2\/posts\/60567\/revisions\/60569"}],"wp:featuredmedia":[{"embeddable":true,"href":"http:\/\/portalcatolico.net\/portal\/wp-json\/wp\/v2\/media\/60568"}],"wp:attachment":[{"href":"http:\/\/portalcatolico.net\/portal\/wp-json\/wp\/v2\/media?parent=60567"}],"wp:term":[{"taxonomy":"category","embeddable":true,"href":"http:\/\/portalcatolico.net\/portal\/wp-json\/wp\/v2\/categories?post=60567"},{"taxonomy":"post_tag","embeddable":true,"href":"http:\/\/portalcatolico.net\/portal\/wp-json\/wp\/v2\/tags?post=60567"}],"curies":[{"name":"wp","href":"https:\/\/api.w.org\/{rel}","templated":true}]}}