{"id":60564,"date":"2018-10-24T06:10:59","date_gmt":"2018-10-24T09:10:59","guid":{"rendered":"http:\/\/portalcatolico.net\/portal\/?p=60564"},"modified":"2018-10-24T06:10:59","modified_gmt":"2018-10-24T09:10:59","slug":"autoridades-da-china-ordenam-retirada-de-cruzes-em-tres-dioceses-catolicas","status":"publish","type":"post","link":"http:\/\/portalcatolico.net\/portal\/autoridades-da-china-ordenam-retirada-de-cruzes-em-tres-dioceses-catolicas\/","title":{"rendered":"Autoridades da China ordenam retirada de cruzes em tr\u00eas dioceses cat\u00f3licas"},"content":{"rendered":"<p>As autoridades da China lan\u00e7aram uma ofensiva contra as cruzes e outras estruturas da&nbsp;Igreja&nbsp;em tr\u00eas dioceses do pa\u00eds neste m\u00eas de outubro, apenas dois dias depois do Acordo Provis\u00f3rio assinado com o Vaticano para a nomea\u00e7\u00e3o de&nbsp;bispos.<\/p>\n<p>Na Diocese de Guizhou, no sudeste do pa\u00eds, em 15 de outubro, as autoridades ordenaram a retirada de algumas estruturas e v\u00e1rias cruzes, por consider\u00e1-las uma viola\u00e7\u00e3o \u00e0s leis de planejamento. As cruzes tinham sido erguidas como parte de uma peregrina\u00e7\u00e3o.<\/p>\n<p>Embora a Igreja tenha pagado uma multa em 20 de outubro, as autoridades indicaram que tamb\u00e9m confiscar\u00e3o o dinheiro arrecadado na peregrina\u00e7\u00e3o.<\/p>\n<p>UCANews informou que em 12 de outubro, as autoridades tamb\u00e9m ordenaram destruir duas cruzes na igreja de Luoyang, na Diocese de Henan.<\/p>\n<p>Em 3 de outubro, as autoridades mandaram retirar uma cruz em outra igreja local, porque era muito grande e \u201cpodia ser vista de uma esta\u00e7\u00e3o de trem pr\u00f3xima\u201d.<\/p>\n<p>Posteriormente, em 11 de outubro, uma cruz e uma parede na igreja de Whenzhou, na Diocese de Zhejiang, foram destru\u00eddas por cerca de 40 trabalhadores.<\/p>\n<p>Uma fonte an\u00f4nima disse a&nbsp;UCANews&nbsp;que as cruzes foram retiradas porque isso j\u00e1 tinha sido feito em outros templos de outras confiss\u00f5es religiosas e, portanto, as igrejas cat\u00f3licas n\u00e3o podiam estar isentas da medida.<\/p>\n<p>Um cat\u00f3lico de nome John disse que a destrui\u00e7\u00e3o de cruzes parece ser o in\u00edcio de uma agenda mais ampla para eliminar os s\u00edmbolos religiosos. \u201cIsso \u00e9 o cristianismo em conformidade com a&nbsp;<em>siniza\u00e7\u00e3o<\/em>. Em outras palavras, em linha com o socialismo\u201d, acrescentou.<\/p>\n<p>As medidas adotadas pelas autoridades chineses respons\u00e1veis por essas regi\u00f5es ocorrem depois que, em 22 de setembro, o Vaticano anunciou a assinatura do Acordo Provis\u00f3rio com a China para a nomea\u00e7\u00e3o de bispos.<\/p>\n<p>Gra\u00e7as ao acordo, dois bispos chineses puderam participar do S\u00ednodo dos Jovens que acontece no Vaticano at\u00e9 o dia 28 de outubro. Os prelados aproveitaram a oportunidade para convidar o Papa Francisco para visitar a China.<\/p>\n<p>No voo de regresso de sua viagem \u00e0 Litu\u00e2nia, Let\u00f4nia e Est\u00f4nia no final de setembro, o Papa Francisco disse aos jornalistas: \u201cEu sou o respons\u00e1vel\u201d pelo acordo.<\/p>\n<p>Sobre os bispos que n\u00e3o estavam em comunh\u00e3o com a Igreja at\u00e9 antes do acordo, como Dom Guo Jincai que participa do S\u00ednodo, Francisco disse que \u201cforam estudados caso por caso. Para cada bispo fizeram um expediente e estes expedientes chegaram \u00e0 minha escrivaninha. E eu fui o respons\u00e1vel por assinar cada caso dos bispos\u201d.<\/p>\n<p>Sobre o acordo, Francisco indicou que \u201ca coisa se faz em di\u00e1logo, mas, quem nomeia \u00e9 Roma, quem nomeia \u00e9 o Papa. Isto \u00e9 claro. E rezamos pelos sofrimentos de alguns que n\u00e3o entendem ou que t\u00eam em suas costas muitos anos de clandestinidade\u201d.<\/p>\n<p>No dia 26 de setembro, o Pont\u00edfice dirigiu uma mensagem aos cat\u00f3licos da China e \u00e0 Igreja universal na qual solicitou \u201cgestos concretos e vis\u00edveis\u201d aos bispos aos quais levantou a excomunh\u00e3o.(ACI Digita)<\/p>\n<p>Foto referencial: Pixabay (Dom\u00ednio p\u00fablico)<\/p>\n<p>Por Walter S\u00e1nchez Silva<\/p>\n","protected":false},"excerpt":{"rendered":"<p>As autoridades da China lan\u00e7aram uma ofensiva contra as cruzes e outras estruturas da&nbsp;Igreja&nbsp;em tr\u00eas dioceses do pa\u00eds neste m\u00eas de outubro, apenas dois dias depois do Acordo Provis\u00f3rio assinado com o Vaticano para a nomea\u00e7\u00e3o de&nbsp;bispos. Na Diocese de Guizhou, no sudeste do pa\u00eds, em 15 de outubro, as autoridades ordenaram a retirada de&nbsp;<\/p>\n<p><a class=\"btn btn-style\" href=\"http:\/\/portalcatolico.net\/portal\/autoridades-da-china-ordenam-retirada-de-cruzes-em-tres-dioceses-catolicas\/\">Continue Reading<\/a><\/p>\n","protected":false},"author":2,"featured_media":60565,"comment_status":"open","ping_status":"open","sticky":false,"template":"","format":"standard","meta":{"footnotes":""},"categories":[5],"tags":[],"class_list":["post-60564","post","type-post","status-publish","format-standard","has-post-thumbnail","hentry","category-igreja_no_mundo"],"_links":{"self":[{"href":"http:\/\/portalcatolico.net\/portal\/wp-json\/wp\/v2\/posts\/60564","targetHints":{"allow":["GET"]}}],"collection":[{"href":"http:\/\/portalcatolico.net\/portal\/wp-json\/wp\/v2\/posts"}],"about":[{"href":"http:\/\/portalcatolico.net\/portal\/wp-json\/wp\/v2\/types\/post"}],"author":[{"embeddable":true,"href":"http:\/\/portalcatolico.net\/portal\/wp-json\/wp\/v2\/users\/2"}],"replies":[{"embeddable":true,"href":"http:\/\/portalcatolico.net\/portal\/wp-json\/wp\/v2\/comments?post=60564"}],"version-history":[{"count":1,"href":"http:\/\/portalcatolico.net\/portal\/wp-json\/wp\/v2\/posts\/60564\/revisions"}],"predecessor-version":[{"id":60566,"href":"http:\/\/portalcatolico.net\/portal\/wp-json\/wp\/v2\/posts\/60564\/revisions\/60566"}],"wp:featuredmedia":[{"embeddable":true,"href":"http:\/\/portalcatolico.net\/portal\/wp-json\/wp\/v2\/media\/60565"}],"wp:attachment":[{"href":"http:\/\/portalcatolico.net\/portal\/wp-json\/wp\/v2\/media?parent=60564"}],"wp:term":[{"taxonomy":"category","embeddable":true,"href":"http:\/\/portalcatolico.net\/portal\/wp-json\/wp\/v2\/categories?post=60564"},{"taxonomy":"post_tag","embeddable":true,"href":"http:\/\/portalcatolico.net\/portal\/wp-json\/wp\/v2\/tags?post=60564"}],"curies":[{"name":"wp","href":"https:\/\/api.w.org\/{rel}","templated":true}]}}