{"id":60561,"date":"2018-10-23T20:52:18","date_gmt":"2018-10-23T23:52:18","guid":{"rendered":"http:\/\/portalcatolico.net\/portal\/?p=60561"},"modified":"2018-10-23T20:52:18","modified_gmt":"2018-10-23T23:52:18","slug":"odio-entre-culturas-preparam-a-3a-guerra-mundial-alerta-o-papa","status":"publish","type":"post","link":"http:\/\/portalcatolico.net\/portal\/odio-entre-culturas-preparam-a-3a-guerra-mundial-alerta-o-papa\/","title":{"rendered":"\u00d3dio entre culturas preparam a 3\u00aa Guerra Mundial, alerta o Papa"},"content":{"rendered":"<p>Populismos, terceira guerra mundial, \u00f3dio, migra\u00e7\u00f5es, bater em crian\u00e7as. estes foram alguns dos temas tratados pelo Papa Francisco no Instituto Agostinianum, no final da tarde desta ter\u00e7a-feira, ao encontrar jovens e adultos de diversas partes do mundo.<\/p>\n<p>Na tarde desta ter\u00e7a-feira, 23 de outubro, na \u00faltima semana da Assembl\u00e9ia geral do S\u00ednodo dos Bispos, o Papa Francisco encontrou jovens e idosos de diferentes pa\u00edses no Sal\u00e3o principal do Instituto&nbsp;<i>Augustinianum<\/i>, ao lado do Vaticano. A ocasi\u00e3o foi oferecida pela apresenta\u00e7\u00e3o do livro &#8220;Francisco, a Sabedoria do tempo, em di\u00e1logo com o Papa Francisco sobre as grandes quest\u00f5es da vida&#8221;.<\/p>\n<p>O encontro teve in\u00edcio com a proje\u00e7\u00e3o do v\u00eddeo \u201cFaces of Wisdom\u201d (\u201cRostos da Sabedoria\u201d) e a apresenta\u00e7\u00e3o dos cantos do Coral da Diocese de Roma, dirigido pelo Maestro Marco Frisina.<\/p>\n<p>Tomaram a palavra a seguir Dom Ulloa Mendieta, arcebispo do Panam\u00e1 e Presidente da Comiss\u00e3o organizadora da JMJ 2019, e o Padre Ant\u00f4nio Spadaro, diretor da revista dos Jesu\u00edtas \u201cLa Civilt\u00e0 Cattolica\u201d.<\/p>\n<p>Com a chegada do Papa Francisco, come\u00e7aram a ser feita a ele &nbsp;perguntas de um grupo de jovens e idosos provenientes da Col\u00f4mbia, It\u00e1lia, Malta e Estados Unidos. Entre os interlocutores do Papa tamb\u00e9m o cineasta Martin Scorsese.<\/p>\n<p>&#8220;O que eu fa\u00e7o quando vejo que o Mediterr\u00e2neo \u00e9 um cemit\u00e9rio? Eu digo a verdade, sofro, rezo e falo. N\u00e3o devemos aceitar este sofrimento. N\u00e3o, isto n\u00e3o est\u00e1 certo&#8221;, disse Francisco ao responder \u00e0 pergunta de uma idosa.<\/p>\n<p>&#8220;Hoje existe a Terceira Guerra Mundial em peda\u00e7os. Olhem para os locais dos conflitos: falta de humanidade, agress\u00e3o, \u00f3dio entre culturas e tribos, tamb\u00e9m uma deforma\u00e7\u00e3o da religi\u00e3o, este \u00e9 o caminho do suc\u00eddio, semear \u00f3dio. \u00c9 um preparar a Terceira Guerra Mundial que est\u00e1 em andamento aos peda\u00e7os e acredito n\u00e3o exagerar nisto. Dizer isto aos jovens!&#8221;.<\/p>\n<p>O Pontif\u00edcie disse ainda: &#8220;Me vem em mente a profecia de Einstein: a quarta guerra mundial ser\u00e1 feita com pedras e bast\u00f5es, porque a terceira destruir\u00e1 tudo. Semear \u00f3dio, viol\u00eancia e divis\u00f5es \u00e9 um caminho de destrui\u00e7\u00e3o, suic\u00eddio. Pode-se fazer isto por muitos motivos. Aquele jovem do s\u00e9culo passado, fez uma limpeza com a pureza da ra\u00e7a, com os migrantes. Acolher os migrantes \u00e9 um mandamento b\u00edblico, porque voc\u00ea foi migrante no Egito. Depois a Europa foi feita de migrantes. As culturas se misturaram. Devemos retomar, antes de um julgamento, a nossa hist\u00f3ria europ\u00e9ia. Eu sou filho de um migrante que foi \u00e0 Argentina. Migrantes, recebidos com o cora\u00e7\u00e3o e porta aberta. Mas o fechamento \u00e9 o in\u00edcio do suic\u00eddio&#8221;.<\/p>\n<p>O Pont\u00edfice tamb\u00e9m alertou para os populismos: \u00c9 importante que os jovens saibam como nasce um populismo. Penso em Hitler no s\u00e9culo passado, que havia prometido o desenvolvimento da Alemanha. Sabemos como come\u00e7am os populismos: semeando o \u00f3dio. N\u00e3o se pode viver semeando \u00f3dio.<\/p>\n<p><iframe loading=\"lazy\"  id=\"_ytid_61555\"  width=\"480\" height=\"270\"  data-origwidth=\"480\" data-origheight=\"270\" src=\"https:\/\/www.youtube.com\/embed\/M9Tgc8H0TtA?enablejsapi=1&#038;autoplay=0&#038;cc_load_policy=0&#038;cc_lang_pref=&#038;iv_load_policy=1&#038;loop=0&#038;rel=1&#038;fs=1&#038;playsinline=0&#038;autohide=2&#038;theme=dark&#038;color=red&#038;controls=1&#038;disablekb=0&#038;\" class=\"__youtube_prefs__  epyt-is-override  no-lazyload\" title=\"YouTube player\"  allow=\"fullscreen; accelerometer; autoplay; clipboard-write; encrypted-media; gyroscope; picture-in-picture; web-share\" referrerpolicy=\"strict-origin-when-cross-origin\" allowfullscreen data-no-lazy=\"1\" data-skipgform_ajax_framebjll=\"\"><\/iframe><\/p>\n<p>Fonte: Vatican Midia<\/p>\n","protected":false},"excerpt":{"rendered":"<p>Populismos, terceira guerra mundial, \u00f3dio, migra\u00e7\u00f5es, bater em crian\u00e7as. estes foram alguns dos temas tratados pelo Papa Francisco no Instituto Agostinianum, no final da tarde desta ter\u00e7a-feira, ao encontrar jovens e adultos de diversas partes do mundo. Na tarde desta ter\u00e7a-feira, 23 de outubro, na \u00faltima semana da Assembl\u00e9ia geral do S\u00ednodo dos Bispos, o&nbsp;<\/p>\n<p><a class=\"btn btn-style\" href=\"http:\/\/portalcatolico.net\/portal\/odio-entre-culturas-preparam-a-3a-guerra-mundial-alerta-o-papa\/\">Continue Reading<\/a><\/p>\n","protected":false},"author":2,"featured_media":60562,"comment_status":"open","ping_status":"open","sticky":false,"template":"","format":"standard","meta":{"footnotes":""},"categories":[5],"tags":[],"class_list":["post-60561","post","type-post","status-publish","format-standard","has-post-thumbnail","hentry","category-igreja_no_mundo"],"_links":{"self":[{"href":"http:\/\/portalcatolico.net\/portal\/wp-json\/wp\/v2\/posts\/60561","targetHints":{"allow":["GET"]}}],"collection":[{"href":"http:\/\/portalcatolico.net\/portal\/wp-json\/wp\/v2\/posts"}],"about":[{"href":"http:\/\/portalcatolico.net\/portal\/wp-json\/wp\/v2\/types\/post"}],"author":[{"embeddable":true,"href":"http:\/\/portalcatolico.net\/portal\/wp-json\/wp\/v2\/users\/2"}],"replies":[{"embeddable":true,"href":"http:\/\/portalcatolico.net\/portal\/wp-json\/wp\/v2\/comments?post=60561"}],"version-history":[{"count":1,"href":"http:\/\/portalcatolico.net\/portal\/wp-json\/wp\/v2\/posts\/60561\/revisions"}],"predecessor-version":[{"id":60563,"href":"http:\/\/portalcatolico.net\/portal\/wp-json\/wp\/v2\/posts\/60561\/revisions\/60563"}],"wp:featuredmedia":[{"embeddable":true,"href":"http:\/\/portalcatolico.net\/portal\/wp-json\/wp\/v2\/media\/60562"}],"wp:attachment":[{"href":"http:\/\/portalcatolico.net\/portal\/wp-json\/wp\/v2\/media?parent=60561"}],"wp:term":[{"taxonomy":"category","embeddable":true,"href":"http:\/\/portalcatolico.net\/portal\/wp-json\/wp\/v2\/categories?post=60561"},{"taxonomy":"post_tag","embeddable":true,"href":"http:\/\/portalcatolico.net\/portal\/wp-json\/wp\/v2\/tags?post=60561"}],"curies":[{"name":"wp","href":"https:\/\/api.w.org\/{rel}","templated":true}]}}