{"id":60556,"date":"2018-10-23T20:12:45","date_gmt":"2018-10-23T23:12:45","guid":{"rendered":"http:\/\/portalcatolico.net\/portal\/?p=60556"},"modified":"2018-10-23T20:19:36","modified_gmt":"2018-10-23T23:19:36","slug":"convite-solenidade-de-posse-dos-frades-servitanos-em-paroquia-do-maranhao","status":"publish","type":"post","link":"http:\/\/portalcatolico.net\/portal\/convite-solenidade-de-posse-dos-frades-servitanos-em-paroquia-do-maranhao\/","title":{"rendered":"Convite: Solenidade de Posse dos Frades Servitanos em par\u00f3quia do Maranh\u00e3o"},"content":{"rendered":"<p style=\"font-weight: 400;\">A Diocese de Graja\u00fa do Estado do Maranh\u00e3o convida voc\u00ea e sua fam\u00edlia&nbsp;para participar&nbsp; da acolhida e posse&nbsp; dos Frades Servitanos na Par\u00f3quia&nbsp;S\u00e3o Francisco de Assis, no munic\u00edpio de Arame (MA), no dia 27 de outubro,&nbsp;\u00e0s 9h (S\u00e1bado), com a&nbsp; presid\u00eancia da santa missa de Dom Frei&nbsp;Rubival Cabral&nbsp; Brito, Bispo Diocesano da Diocese de&nbsp; Graja\u00fa, al\u00e9m de&nbsp;padres convidados.<br \/>\n&nbsp;Os Frades&nbsp;Servitanos do Intitulo do Senhor s\u00e3o: Frei Pe. Marcos Ant\u00f4nio, Frei&nbsp;Pe. Francisco Flaviol\u00e1ndio e Frei Pe. Lucimar Jos\u00e9.<\/p>\n<p style=\"font-weight: 400;\">Sua presen\u00e7a ser\u00e1&nbsp;de muita alegria&nbsp; e&nbsp;&nbsp; mais uma miss\u00e3o Servitanos.<\/p>\n<p style=\"font-weight: 400;\">Vale ressaltar que o Frei Pe. Lucimar Jos\u00e9 passou por um per\u00edodo na&nbsp;Par\u00f3quia Nossa Senhora da Piedade do bairro Maria Pinheiro na Diocese de&nbsp;Itabuna (BA).<\/p>\n","protected":false},"excerpt":{"rendered":"<p>A Diocese de Graja\u00fa do Estado do Maranh\u00e3o convida voc\u00ea e sua fam\u00edlia&nbsp;para participar&nbsp; da acolhida e posse&nbsp; dos Frades Servitanos na Par\u00f3quia&nbsp;S\u00e3o Francisco de Assis, no munic\u00edpio de Arame (MA), no dia 27 de outubro,&nbsp;\u00e0s 9h (S\u00e1bado), com a&nbsp; presid\u00eancia da santa missa de Dom Frei&nbsp;Rubival Cabral&nbsp; Brito, Bispo Diocesano da Diocese de&nbsp; Graja\u00fa,&nbsp;<\/p>\n<p><a class=\"btn btn-style\" href=\"http:\/\/portalcatolico.net\/portal\/convite-solenidade-de-posse-dos-frades-servitanos-em-paroquia-do-maranhao\/\">Continue Reading<\/a><\/p>\n","protected":false},"author":2,"featured_media":60557,"comment_status":"open","ping_status":"open","sticky":false,"template":"","format":"standard","meta":{"footnotes":""},"categories":[1],"tags":[],"class_list":["post-60556","post","type-post","status-publish","format-standard","has-post-thumbnail","hentry","category-agenda"],"_links":{"self":[{"href":"http:\/\/portalcatolico.net\/portal\/wp-json\/wp\/v2\/posts\/60556","targetHints":{"allow":["GET"]}}],"collection":[{"href":"http:\/\/portalcatolico.net\/portal\/wp-json\/wp\/v2\/posts"}],"about":[{"href":"http:\/\/portalcatolico.net\/portal\/wp-json\/wp\/v2\/types\/post"}],"author":[{"embeddable":true,"href":"http:\/\/portalcatolico.net\/portal\/wp-json\/wp\/v2\/users\/2"}],"replies":[{"embeddable":true,"href":"http:\/\/portalcatolico.net\/portal\/wp-json\/wp\/v2\/comments?post=60556"}],"version-history":[{"count":1,"href":"http:\/\/portalcatolico.net\/portal\/wp-json\/wp\/v2\/posts\/60556\/revisions"}],"predecessor-version":[{"id":60558,"href":"http:\/\/portalcatolico.net\/portal\/wp-json\/wp\/v2\/posts\/60556\/revisions\/60558"}],"wp:featuredmedia":[{"embeddable":true,"href":"http:\/\/portalcatolico.net\/portal\/wp-json\/wp\/v2\/media\/60557"}],"wp:attachment":[{"href":"http:\/\/portalcatolico.net\/portal\/wp-json\/wp\/v2\/media?parent=60556"}],"wp:term":[{"taxonomy":"category","embeddable":true,"href":"http:\/\/portalcatolico.net\/portal\/wp-json\/wp\/v2\/categories?post=60556"},{"taxonomy":"post_tag","embeddable":true,"href":"http:\/\/portalcatolico.net\/portal\/wp-json\/wp\/v2\/tags?post=60556"}],"curies":[{"name":"wp","href":"https:\/\/api.w.org\/{rel}","templated":true}]}}