{"id":60539,"date":"2018-10-22T23:53:36","date_gmt":"2018-10-23T02:53:36","guid":{"rendered":"http:\/\/portalcatolico.net\/portal\/?p=60539"},"modified":"2018-10-22T23:54:51","modified_gmt":"2018-10-23T02:54:51","slug":"encerrou-a-semana-eucaristica-jubilar-em-coaraci","status":"publish","type":"post","link":"http:\/\/portalcatolico.net\/portal\/encerrou-a-semana-eucaristica-jubilar-em-coaraci\/","title":{"rendered":"Encerrou a Semana Eucar\u00edstica Jubilar em Coaraci"},"content":{"rendered":"<div dir=\"auto\">A Semana Eucar\u00edstica Jubilar (Jubileu de Ouro) teve in\u00edcio no domingo, 14, e encerrou neste domingo dia 21 de outubro, \u00e0s 18h, com a celebra\u00e7\u00e3o Eucar\u00edstica, sob a presid\u00eancia do Pe. Edinilson Vivas Batista (p\u00e1roco) e concelebra\u00e7\u00e3o do Pe. Marcos Batista e Reitor do Semin\u00e1rio Diocesano, da Diocese de Ilh\u00e9us, o Pe. Dami\u00e3o Borges, vig\u00e1rio paroquial da par\u00f3quia S\u00e3o Jorge, na cidade de Ilh\u00e9us e o di\u00e1cono permanente da Diocese de Ilh\u00e9us, Erisvaldo Ara\u00fajo Arataca e o di\u00e1cono Transit\u00f3rio Nilson Roberto.&nbsp;<\/div>\n<div dir=\"auto\">&nbsp;<\/div>\n<div dir=\"auto\">O Pe. Marcos foi o convidado para refletir o Subtema da 7\u00aa noite e de encerramento da festa: &#8220;A igreja aceita o convite do mestre: Fazei isto em mem\u00f3ria de mim&#8221;.<\/div>\n<div dir=\"auto\">&nbsp;<\/div>\n<div dir=\"auto\">Teve prociss\u00e3o eucar\u00edstica e encerramento com a b\u00ean\u00e7\u00e3o do Sant\u00edssimo Sacramento. No dia 19, ocorreu mais uma noite festiva em comemora\u00e7\u00e3o ao Jubileu de Ouro, onde teve a participa\u00e7\u00e3o especial da par\u00f3quia Sagrado Cora\u00e7\u00e3o de Jesus de Itaju\u00edpe (Igreja- m\u00e3e, de onde a Par\u00f3quia Nossa Senhora de Lourdes de Coaraci foi desmembrada em 1925). Neste per\u00edodo, de um ano de festa da par\u00f3quia, v\u00e1rias religiosos&nbsp; foram homenageados.<\/div>\n<div dir=\"auto\">&nbsp;<\/div>\n<div dir=\"auto\">\n<p>No dia 20,&nbsp; a \u00faltima noite dos festejos do Jubileu de Ouro, homenageando aos religiosos que serviram Nossa Senhora de Lourdes antes da cria\u00e7\u00e3o da Par\u00f3quia. Aconteceu o evento festivo em comemora\u00e7\u00e3o ao jubileu de ouro, com mais <img loading=\"lazy\" decoding=\"async\" class=\"size-medium wp-image-60542 alignleft\" src=\"http:\/\/portalcatolico.net\/portal\/wp-content\/uploads\/2018\/10\/44468168_999362036912512_4719784744630353920_n-300x200.jpg\" alt=\"\" width=\"300\" height=\"200\" srcset=\"http:\/\/portalcatolico.net\/portal\/wp-content\/uploads\/2018\/10\/44468168_999362036912512_4719784744630353920_n-300x200.jpg 300w, http:\/\/portalcatolico.net\/portal\/wp-content\/uploads\/2018\/10\/44468168_999362036912512_4719784744630353920_n-768x512.jpg 768w, http:\/\/portalcatolico.net\/portal\/wp-content\/uploads\/2018\/10\/44468168_999362036912512_4719784744630353920_n.jpg 960w\" sizes=\"auto, (max-width: 300px) 100vw, 300px\" \/>de mil crian\u00e7as para comemorar essa data t\u00e3o especial para nossa par\u00f3quia. Nestes doze meses de (de outubro 2017 a outubro de 2018), aconteceram v\u00e1rios eventos diocesanos direcionados para a cidade de Coaraci para a paroquia Jubilar(aniversariante),como o Dia Nacional da Juventude (DJN), visita da Imagem peregrina de Bom Jesus da Lapa,XIV Romaria da Terra e das \u00c1guas Diocesanas (com plantio de algumas \u00e1rvores na cidade), evento da Pastoral Familiar Diocesana, Show com cantora cat\u00f3lica (com a Mission\u00e1ria Ana Paula da Ordem Carmelita), Missa dos Santos \u00d3leos em 27 de mar\u00e7o de 2018, Comemora\u00e7\u00f5es alusivas \u00e0 Festa da Padroeira Nossa Senhora de Lourdes em fevereiro, entre outros momentos de evangeliza\u00e7\u00e3o.&nbsp;<\/p>\n<\/div>\n<div dir=\"auto\">\n<p>A hist\u00f3ria da Par\u00f3quia Jubilar&nbsp;<\/p>\n<\/div>\n<div dir=\"auto\">No dia 03 de Abril de 1925, na primeira sexta-feira do m\u00eas, foi benta a pedra fundamental de constru\u00e7\u00e3o da Igreja Matriz do Sagrado Cora\u00e7\u00e3o de Jesus do munic\u00edpio de Itaju\u00edpe e a par\u00f3quia Nossa Senhora de Lourdes foi desmembrada da par\u00f3quia de Itaju\u00edpe em 1968, na cidade de Coaraci, no munic\u00edpio do sul da Bahia, que comp\u00f5e a Diocese de Ilh\u00e9us e tem como pastor, o Bispo Diocesano, Dom Mauro Montagnoli.<\/div>\n<div dir=\"auto\">&nbsp;<\/div>\n<div dir=\"auto\">As comunidades que comp\u00f5e a Igreja matriz s\u00e3o 10 capelas: A comunidade Santa Helena (distrito da Ruinha dos tr\u00eas Bra\u00e7os), Comunidade de S\u00e3o Roque ,(distrito do Garganta),Nossa Senhora Aparecida que situa-se no bairro Maria Gabriela, e S\u00e3o Jos\u00e9 da \u00c1gua Divina (Zona Rural),Santa Rita de C\u00e1ssia, S\u00e3o Francisco, S\u00e3o Roque entre outras.(S\u00e3o quatro na zona rural e seis na zona urbana).<\/div>\n<div dir=\"auto\">&nbsp;<\/div>\n<div dir=\"auto\">As par\u00f3quias que foram desmembradas (criadas) da Igreja matriz de Nossa Senhora de Lourdes de Coaraci: As par\u00f3quias que foram criadas. Sendo assim: Par\u00f3quia de Nossa Senhora de Lourdes (\u00e9 conhecida como e Igreja m\u00e3e e desmembrou as seguintes comunidades, hoje paroquias),e s\u00e3o elas: A Par\u00f3quia Nossa Senhora do Perp\u00e9tuo Socorro, na cidade de Almadina ,foi criada em 1994 e a Par\u00f3quia Nossa Senhora do Ros\u00e1rio, situada na cidade de Itapitanga, foi Criada em 1983.<\/div>\n<div dir=\"auto\">&nbsp;<\/div>\n<div dir=\"auto\">A equipe do portal cat\u00f3lico parabeniza o Padre Edinilson Vivas Batista (p\u00e1roco) e toda a coordena\u00e7\u00e3o do Jubileu de Ouro pelo bel\u00edssimo trabalho de evangeliza\u00e7\u00e3o nestes 365 dias de dedica\u00e7\u00e3o e amor pela igreja de Jesus Cristo e aos membros da Pastoral da Comunica\u00e7\u00e3o (Pascom) da Par\u00f3quia pelo bel\u00edssimo trabalho evangeliza\u00e7\u00e3o.<\/div>\n<div dir=\"auto\">Fotos: Pascom<\/div>\n<div dir=\"auto\">&nbsp;<\/div>\n","protected":false},"excerpt":{"rendered":"<p>A Semana Eucar\u00edstica Jubilar (Jubileu de Ouro) teve in\u00edcio no domingo, 14, e encerrou neste domingo dia 21 de outubro, \u00e0s 18h, com a celebra\u00e7\u00e3o Eucar\u00edstica, sob a presid\u00eancia do Pe. Edinilson Vivas Batista (p\u00e1roco) e concelebra\u00e7\u00e3o do Pe. Marcos Batista e Reitor do Semin\u00e1rio Diocesano, da Diocese de Ilh\u00e9us, o Pe. Dami\u00e3o Borges, vig\u00e1rio&nbsp;<\/p>\n<p><a class=\"btn btn-style\" href=\"http:\/\/portalcatolico.net\/portal\/encerrou-a-semana-eucaristica-jubilar-em-coaraci\/\">Continue Reading<\/a><\/p>\n","protected":false},"author":2,"featured_media":60540,"comment_status":"open","ping_status":"open","sticky":false,"template":"","format":"standard","meta":{"footnotes":""},"categories":[68],"tags":[],"class_list":["post-60539","post","type-post","status-publish","format-standard","has-post-thumbnail","hentry","category-homilias"],"_links":{"self":[{"href":"http:\/\/portalcatolico.net\/portal\/wp-json\/wp\/v2\/posts\/60539","targetHints":{"allow":["GET"]}}],"collection":[{"href":"http:\/\/portalcatolico.net\/portal\/wp-json\/wp\/v2\/posts"}],"about":[{"href":"http:\/\/portalcatolico.net\/portal\/wp-json\/wp\/v2\/types\/post"}],"author":[{"embeddable":true,"href":"http:\/\/portalcatolico.net\/portal\/wp-json\/wp\/v2\/users\/2"}],"replies":[{"embeddable":true,"href":"http:\/\/portalcatolico.net\/portal\/wp-json\/wp\/v2\/comments?post=60539"}],"version-history":[{"count":3,"href":"http:\/\/portalcatolico.net\/portal\/wp-json\/wp\/v2\/posts\/60539\/revisions"}],"predecessor-version":[{"id":60544,"href":"http:\/\/portalcatolico.net\/portal\/wp-json\/wp\/v2\/posts\/60539\/revisions\/60544"}],"wp:featuredmedia":[{"embeddable":true,"href":"http:\/\/portalcatolico.net\/portal\/wp-json\/wp\/v2\/media\/60540"}],"wp:attachment":[{"href":"http:\/\/portalcatolico.net\/portal\/wp-json\/wp\/v2\/media?parent=60539"}],"wp:term":[{"taxonomy":"category","embeddable":true,"href":"http:\/\/portalcatolico.net\/portal\/wp-json\/wp\/v2\/categories?post=60539"},{"taxonomy":"post_tag","embeddable":true,"href":"http:\/\/portalcatolico.net\/portal\/wp-json\/wp\/v2\/tags?post=60539"}],"curies":[{"name":"wp","href":"https:\/\/api.w.org\/{rel}","templated":true}]}}