{"id":60536,"date":"2018-10-22T23:41:04","date_gmt":"2018-10-23T02:41:04","guid":{"rendered":"http:\/\/portalcatolico.net\/portal\/?p=60536"},"modified":"2018-10-22T23:41:04","modified_gmt":"2018-10-23T02:41:04","slug":"legiao-de-maria-da-diocese-de-itabuna-tem-nova-presidente","status":"publish","type":"post","link":"http:\/\/portalcatolico.net\/portal\/legiao-de-maria-da-diocese-de-itabuna-tem-nova-presidente\/","title":{"rendered":"Legi\u00e3o de Maria da Diocese de Itabuna tem nova presidente"},"content":{"rendered":"<div dir=\"auto\">Neste \u00faltimo domingo, 21 de outubro, na sede do Comitium Regina Apostolorum na Catedral Diocesana de S\u00e3o Jos\u00e9, com a presen\u00e7a do Senatus Imaculada de Salvador, foi eleita Maria Madalena Neves, a nova Presidente do Comitium, Conselho Geral da Legi\u00e3o de Maria na Diocese de Itabuna, no sul da Bahia.&nbsp;<\/div>\n<div dir=\"auto\">Maria Madalena&nbsp; j\u00e1 esteve na Coordena\u00e7\u00e3o Geral da Legi\u00e3o de Maria, no per\u00edodo de 2001 a 2002, como Tesoureira e retorna agora como Presidente, para dar continuidade aos trabalhos de evangeliza\u00e7\u00e3o na Diocese e direcionamento de todos os legion\u00e1rios de Itabuna, e cidades filiadas.&nbsp;<\/div>\n<div dir=\"auto\">A diocese de Itabuna \u00e9 composta por 33 paroquias em 19 munic\u00edpios baianos. A nova coordena\u00e7\u00e3o diocesana agora est\u00e1 formada pelos legion\u00e1rios: Maria Madalena &#8211; Presidente; Alane Mota &#8211; Vice-presidente; Marcos Dormundo &#8211; Secret\u00e1rio, Filipe Oliveira &#8211; Tesoureiro.&nbsp;<\/div>\n<div dir=\"auto\">A Legi\u00e3o de Maria \u00e9 uma Associa\u00e7\u00e3o de leigos cat\u00f3licos, sob a prote\u00e7\u00e3o e intercess\u00e3o de Nossa Senhora e com aprova\u00e7\u00e3o da Igreja, que pela ora\u00e7\u00e3o e pelo trabalho apost\u00f3lico ativo, destina-se \u00e0 evangeliza\u00e7\u00e3o e \u00e0 santifica\u00e7\u00e3o dos homens, para a gl\u00f3ria de Deus. Para tornar essa miss\u00e3o poss\u00edvel, os legion\u00e1rios buscam tamb\u00e9m a santifica\u00e7\u00e3o pessoal, afim de se tornarem cada dia mais aptos a levar Cristo ao mundo. A Legi\u00e3o de Maria \u00e9 uma associa\u00e7\u00e3o internacional de fi\u00e9is da Igreja Cat\u00f3lica Apost\u00f3lica Romana formada por leigos que servem de forma volunt\u00e1ria (o) com a finalidade de contribuir para a a\u00e7\u00e3o evangelizadora da Igreja. Foi fundada em Dublin, Irlanda, como um movimento mariano cat\u00f3lico romano por Frank Duff em 7 de setembro de 1921.Hoje entre membros ativos e auxiliares possui mais de 3 milh\u00f5es de legion\u00e1rios em todo o mundo, sendo, portanto, a maior organiza\u00e7\u00e3o leiga de apostolado da Igreja Cat\u00f3lica. A associa\u00e7\u00e3o tem sua maior presen\u00e7a na Coreia do Sul, nas Filipinas, no Brasil, na Argentina e na Rep\u00fablica do Congo.&nbsp;<\/p>\n<\/div>\n<div dir=\"auto\">Informa\u00e7\u00f5es e fotos da Legi\u00e3o de Maria, com adapta\u00e7\u00e3o de texto: Portal Cat\u00f3lico.&nbsp;<\/div>\n","protected":false},"excerpt":{"rendered":"<p>Neste \u00faltimo domingo, 21 de outubro, na sede do Comitium Regina Apostolorum na Catedral Diocesana de S\u00e3o Jos\u00e9, com a presen\u00e7a do Senatus Imaculada de Salvador, foi eleita Maria Madalena Neves, a nova Presidente do Comitium, Conselho Geral da Legi\u00e3o de Maria na Diocese de Itabuna, no sul da Bahia.&nbsp; Maria Madalena&nbsp; j\u00e1 esteve na&nbsp;<\/p>\n<p><a class=\"btn btn-style\" href=\"http:\/\/portalcatolico.net\/portal\/legiao-de-maria-da-diocese-de-itabuna-tem-nova-presidente\/\">Continue Reading<\/a><\/p>\n","protected":false},"author":2,"featured_media":60537,"comment_status":"open","ping_status":"open","sticky":false,"template":"","format":"standard","meta":{"footnotes":""},"categories":[4],"tags":[],"class_list":["post-60536","post","type-post","status-publish","format-standard","has-post-thumbnail","hentry","category-destaques"],"_links":{"self":[{"href":"http:\/\/portalcatolico.net\/portal\/wp-json\/wp\/v2\/posts\/60536","targetHints":{"allow":["GET"]}}],"collection":[{"href":"http:\/\/portalcatolico.net\/portal\/wp-json\/wp\/v2\/posts"}],"about":[{"href":"http:\/\/portalcatolico.net\/portal\/wp-json\/wp\/v2\/types\/post"}],"author":[{"embeddable":true,"href":"http:\/\/portalcatolico.net\/portal\/wp-json\/wp\/v2\/users\/2"}],"replies":[{"embeddable":true,"href":"http:\/\/portalcatolico.net\/portal\/wp-json\/wp\/v2\/comments?post=60536"}],"version-history":[{"count":1,"href":"http:\/\/portalcatolico.net\/portal\/wp-json\/wp\/v2\/posts\/60536\/revisions"}],"predecessor-version":[{"id":60538,"href":"http:\/\/portalcatolico.net\/portal\/wp-json\/wp\/v2\/posts\/60536\/revisions\/60538"}],"wp:featuredmedia":[{"embeddable":true,"href":"http:\/\/portalcatolico.net\/portal\/wp-json\/wp\/v2\/media\/60537"}],"wp:attachment":[{"href":"http:\/\/portalcatolico.net\/portal\/wp-json\/wp\/v2\/media?parent=60536"}],"wp:term":[{"taxonomy":"category","embeddable":true,"href":"http:\/\/portalcatolico.net\/portal\/wp-json\/wp\/v2\/categories?post=60536"},{"taxonomy":"post_tag","embeddable":true,"href":"http:\/\/portalcatolico.net\/portal\/wp-json\/wp\/v2\/tags?post=60536"}],"curies":[{"name":"wp","href":"https:\/\/api.w.org\/{rel}","templated":true}]}}