{"id":60530,"date":"2018-10-22T23:32:58","date_gmt":"2018-10-23T02:32:58","guid":{"rendered":"http:\/\/portalcatolico.net\/portal\/?p=60530"},"modified":"2018-10-23T16:23:50","modified_gmt":"2018-10-23T19:23:50","slug":"1-encontro-de-formacao-para-a-faronia-sul-acontece-em-una","status":"publish","type":"post","link":"http:\/\/portalcatolico.net\/portal\/1-encontro-de-formacao-para-a-faronia-sul-acontece-em-una\/","title":{"rendered":"1\u00b0 Encontro de Forma\u00e7\u00e3o para a Faronia Sul acontece em Una"},"content":{"rendered":"<div dir=\"auto\">Agentes da Comiss\u00e3o Diocesana da Pastoral da Comunica\u00e7\u00e3o (PASCOM) da Diocese de Itabuna, no sul da Bahia, se reuniram no \u00faltimo domingo, 21 de outubro, logo ap\u00f3s a santa Missa das 7h , na cidade de Una, para o 1\u00b0 Encontro de Forma\u00e7\u00e3o para a Forania Sul e formativo sobre as potencialidades e desafios da evangeliza\u00e7\u00e3o nas redes sociais. Em sintonia com as diretrizes do DIRET\u00d3RIO DE COMUNICA\u00c7\u00c3O DA IGREJA NO BRASIL e tendo como linha norteadora o sentido de que a PASTORAL DA COMUNICA\u00c7\u00c3O \u00e9 um elemento articulador da vida e das rela\u00e7\u00f5es comunit\u00e1rias.<\/div>\n<div dir=\"auto\">&nbsp;<\/div>\n<div dir=\"auto\">O tema central do Encontro foi:&nbsp; &#8220;Fake News e jornalismo de paz&#8221;.<\/div>\n<div dir=\"auto\">&nbsp;<\/div>\n<div dir=\"auto\">A reuni\u00e3o contou a presen\u00e7a do padre Nerivaldo, que fez a ora\u00e7\u00e3o inicial e abriu os trabalhos da na manh\u00e3 e finalizou \u00e0s 14h.&nbsp; &#8220;Vivemos na era da informa\u00e7\u00e3o, da internet, e a Igreja deve estar atenta a esses meios de comunica\u00e7\u00e3o que atingem tantas pessoas atrav\u00e9s das falsas mensagem chamada de Fake News nas redes sociais. Se usados corretamente, podem ser uma valiosa ferramenta de propaga\u00e7\u00e3o da mensagem do evangelho de Jesus&#8221;, disse Gustavo, um dos palestrantes.<\/div>\n<div dir=\"auto\">&nbsp;<\/div>\n<div dir=\"auto\">Em sua explana\u00e7\u00e3o o Jornalista, te\u00f3logo e coordenador da pastoral da comunica\u00e7\u00e3o da sub-regi\u00e3o 6 do NE3, Tiago Sousa, e membro da Pastoral da Comunica\u00e7\u00e3o Diocesana da Diocese de Itabuna e membros da Pascom da Par\u00f3quia Nossa Senhora de F\u00e1tima, falou da preocupa\u00e7\u00e3o que devemos ter em publicar e compartilhar a mensagem recebida e que \u00e9&nbsp; preciso verificar a fonte das mensagens.&nbsp; Durante o per\u00edodo de forma\u00e7\u00e3o, a turma pode conhecer e tirar alguma duvidas sobre o documento 99 da CNBB, entre outros documentos e ferramentas para edi\u00e7\u00e3o de fotos e v\u00eddeos.&nbsp;<\/div>\n<div dir=\"auto\">No final da forma\u00e7\u00e3o, o Pe. Nerisvaldo Azevedo respons\u00e1vel pela Forania Sul que \u00e9 composta pelas paroquias(10) e cidades: Senhora Santana \u2013Buerarema, S\u00e3o Jos\u00e9-S\u00e3o Jos\u00e9 da Vit\u00f3ria, Senhor do Bonfim-Jussari, Nossa Senhora da Concei\u00e7\u00e3o \u2013Arataca, S\u00e3o Sebasti\u00e3o \u2013Camacan ,Santa Luzia, Santa Luzia ,s\u00e3o Boaventura-Canavieira S\u00e3o Sebasti\u00e3o de Mascote e S\u00e3o Jos\u00e9 \u2013Una.<\/div>\n<div dir=\"auto\"><img loading=\"lazy\" decoding=\"async\" class=\"wp-image-60532 aligncenter\" src=\"http:\/\/portalcatolico.net\/portal\/wp-content\/uploads\/2018\/10\/DSCN9142-300x225.jpg\" alt=\"\" width=\"823\" height=\"617\" srcset=\"http:\/\/portalcatolico.net\/portal\/wp-content\/uploads\/2018\/10\/DSCN9142-300x225.jpg 300w, http:\/\/portalcatolico.net\/portal\/wp-content\/uploads\/2018\/10\/DSCN9142-768x576.jpg 768w, http:\/\/portalcatolico.net\/portal\/wp-content\/uploads\/2018\/10\/DSCN9142.jpg 1000w\" sizes=\"auto, (max-width: 823px) 100vw, 823px\" \/><\/div>\n<div dir=\"auto\">A coordena\u00e7\u00e3o foi escolhida por vota\u00e7\u00e3o pelos membros da Pascom e ficou assim: Coordenador da PASCOM forania sul: Ja\u00edlson Teles (Par\u00f3quia S\u00e3o Boaventura -Canavieiras, Vice \u2013Coordenador :Tharcio Oliveira Rios-Una, Secretaria: Nat\u00e1lia dos Santos Barbosa-Una e Aux. Emanuela Alves Silva \u2013Arataca.<\/div>\n<div dir=\"auto\">Para forma\u00e7\u00e3o da Pascom em sua par\u00f3quia, entre em contato com a coordena\u00e7\u00e3o diocesana da Pascom da Diocese. Pelos telefones: Jan Erik 73 99132-1400 ou Tiago Souza 73 98846-7500<\/div>\n","protected":false},"excerpt":{"rendered":"<p>Agentes da Comiss\u00e3o Diocesana da Pastoral da Comunica\u00e7\u00e3o (PASCOM) da Diocese de Itabuna, no sul da Bahia, se reuniram no \u00faltimo domingo, 21 de outubro, logo ap\u00f3s a santa Missa das 7h , na cidade de Una, para o 1\u00b0 Encontro de Forma\u00e7\u00e3o para a Forania Sul e formativo sobre as potencialidades e desafios da&nbsp;<\/p>\n<p><a class=\"btn btn-style\" href=\"http:\/\/portalcatolico.net\/portal\/1-encontro-de-formacao-para-a-faronia-sul-acontece-em-una\/\">Continue Reading<\/a><\/p>\n","protected":false},"author":2,"featured_media":60531,"comment_status":"open","ping_status":"open","sticky":false,"template":"","format":"standard","meta":{"footnotes":""},"categories":[4],"tags":[],"class_list":["post-60530","post","type-post","status-publish","format-standard","has-post-thumbnail","hentry","category-destaques"],"_links":{"self":[{"href":"http:\/\/portalcatolico.net\/portal\/wp-json\/wp\/v2\/posts\/60530","targetHints":{"allow":["GET"]}}],"collection":[{"href":"http:\/\/portalcatolico.net\/portal\/wp-json\/wp\/v2\/posts"}],"about":[{"href":"http:\/\/portalcatolico.net\/portal\/wp-json\/wp\/v2\/types\/post"}],"author":[{"embeddable":true,"href":"http:\/\/portalcatolico.net\/portal\/wp-json\/wp\/v2\/users\/2"}],"replies":[{"embeddable":true,"href":"http:\/\/portalcatolico.net\/portal\/wp-json\/wp\/v2\/comments?post=60530"}],"version-history":[{"count":4,"href":"http:\/\/portalcatolico.net\/portal\/wp-json\/wp\/v2\/posts\/60530\/revisions"}],"predecessor-version":[{"id":60551,"href":"http:\/\/portalcatolico.net\/portal\/wp-json\/wp\/v2\/posts\/60530\/revisions\/60551"}],"wp:featuredmedia":[{"embeddable":true,"href":"http:\/\/portalcatolico.net\/portal\/wp-json\/wp\/v2\/media\/60531"}],"wp:attachment":[{"href":"http:\/\/portalcatolico.net\/portal\/wp-json\/wp\/v2\/media?parent=60530"}],"wp:term":[{"taxonomy":"category","embeddable":true,"href":"http:\/\/portalcatolico.net\/portal\/wp-json\/wp\/v2\/categories?post=60530"},{"taxonomy":"post_tag","embeddable":true,"href":"http:\/\/portalcatolico.net\/portal\/wp-json\/wp\/v2\/tags?post=60530"}],"curies":[{"name":"wp","href":"https:\/\/api.w.org\/{rel}","templated":true}]}}