{"id":60527,"date":"2018-10-22T23:08:25","date_gmt":"2018-10-23T02:08:25","guid":{"rendered":"http:\/\/portalcatolico.net\/portal\/?p=60527"},"modified":"2018-10-22T23:08:25","modified_gmt":"2018-10-23T02:08:25","slug":"continua-em-itabuna-o-novenario-de-sao-judas-tadeu","status":"publish","type":"post","link":"http:\/\/portalcatolico.net\/portal\/continua-em-itabuna-o-novenario-de-sao-judas-tadeu\/","title":{"rendered":"Continua em Itabuna o Noven\u00e1rio de S\u00e3o Judas Tadeu"},"content":{"rendered":"<p style=\"font-weight: 400;\">A Par\u00f3quia S\u00e3o Judas Tadeu situada em Itabuna (BA) est\u00e1 festejando o seu&nbsp;padroeiro, o glorioso S\u00e3o Judas Tadeu, desde o dia 18 de outubro, com o Noven\u00e1ro em honra ao santo. As celebra\u00e7\u00f5es seguem at\u00e9 s\u00e1bado (27), o grande dia festivo.<\/p>\n<p style=\"font-weight: 400;\">O&nbsp; tema central da festa: &#8220;Sal da Terra, Luz&nbsp;do mundo&#8221;.<\/p>\n<p style=\"font-weight: 400;\">&nbsp;Nesta segunda-feira, (22), \u00e0s 18h, teve a reza do Santo Ter\u00e7o e \u00e0s 19h, teve a&nbsp;santa missa. O celebrante&nbsp; da&nbsp; 5\u00aa&nbsp; noite do noven\u00e1rio foi o Pe. Vin\u00edcius Mascarenhas,&nbsp;p\u00e1roco da Par\u00f3quia S\u00e3o Boaventura da cidade de Canavieiras (BA).&nbsp;&nbsp;A concelebra\u00e7\u00e3o ficou por conta&nbsp;do&nbsp;Pe. Ac\u00e1ssio Alves (p\u00e1roco da Par\u00f3quia S\u00e3o Judas Tadeu) e do Di\u00e1cono&nbsp; Jos\u00e9&nbsp;<br \/>\nAra\u00fajo.<br \/>\nO Padre&nbsp; Vin\u00edcius refletiu o Subtema: &#8220;Crist\u00e3os inseridos&nbsp; na realidade, periferia e exist\u00eancia da sociedade atual&#8221;.&nbsp;Na oportunidade, ele disse: &#8220;Sem amor a verdade, n\u00f3s n\u00e3o conseguimos ser sal na Terra e luz no mundo. Porque ser sal na Terra e luz no mundo \u00e9 provocar uma diferen\u00e7a, uma amplitude de Cristo nos lugares aonde&nbsp;&nbsp;a gente se encontra&#8221;.<\/p>\n<p style=\"font-weight: 400;\">A Igreja Matriz S\u00e3o Judas Tadeu fica&nbsp; localizada na Av.&nbsp;Ilh\u00e9us, n\u00ba 410, Bairro Cast\u00e1lia, na cidade e Diocese de Itabuna, no sul&nbsp;da Bahia. As celebra\u00e7\u00f5es eucar\u00edsticas est\u00e3o sendo realizadas sempre \u00e0s&nbsp;19h. Participe!<\/p>\n<p>&nbsp; &nbsp; &nbsp; &nbsp; &nbsp; &nbsp; &nbsp; &nbsp; &nbsp; &nbsp; &nbsp; &nbsp; &nbsp; &nbsp; &nbsp; &nbsp; &nbsp; &nbsp; &nbsp; &nbsp; &nbsp; &nbsp; &nbsp; &nbsp; &nbsp; Confira a programa\u00e7\u00e3o dos \u00faltimos cinco dias:<\/p>\n<p><strong>23\/10\/2018-Ter\u00e7a feira<\/strong><br \/>\n19h-Santa Missa<br \/>\nSubtema: &#8220;Crist\u00e3os&nbsp; alimento a caminhada na ora\u00e7\u00e3o pessoal e lit\u00fargica&nbsp;&#8220;.<br \/>\nRespons\u00e1veis: Pastoral da Catequese e Pascom-Pastoral da Comunica\u00e7\u00e3o<br \/>\nConvidados: Crian\u00e7as e Adolescentes<br \/>\nB\u00ean\u00e7\u00e3os aos flamenguistas<\/p>\n<p><strong>24\/10\/18 _Quarta-feira<\/strong><br \/>\n19h-Santa Missa<br \/>\nSubtema: &#8220;Crist\u00e3os formadores na escuta da palavra de Deus&#8221;.<br \/>\nRespons\u00e1veis: M\u00e3e Peregrina e Imaculada Concei\u00e7\u00e3o de Maria<br \/>\nConvidados: Grupo da M\u00e3e Peregrina<\/p>\n<p><strong>25\/10\/18- Quinta-feira<\/strong><br \/>\n19h-santa Missa<br \/>\nSubtema: &#8221; Crist\u00e3os promotores da Paz.&#8221;<br \/>\nRespons\u00e1veis: Rainha da Paz<br \/>\nConvidados: Equipe de Nossa Senhora e Comunidade Rainha da Paz<\/p>\n<p><strong>26\/10\/18-Sexta-feira<\/strong><br \/>\n19h-santa Missa<br \/>\nSubtema: &#8220;Leigos e leigas, presen\u00e7a da Igreja \u2013Servi\u00e7o no mundo.<br \/>\nRespons\u00e1veis: EJC e Minist\u00e9rio da M\u00fasica<br \/>\nConvidados: Jovens<\/p>\n<p><strong>Dia festivo<\/strong><br \/>\n27\/10\/18-S\u00e1bado<br \/>\n8h-oficio de S\u00e3o Judas Tadeu<br \/>\n10- Batizados<br \/>\n18h-missa solene e Prociss\u00e3o ap\u00f3s a santa missa Subtema: &#8220;Sal da Terra e luz do mundo&#8221;.<br \/>\nConvidados: Todas as pastorais, movimentos, grupos e paroquianos.<br \/>\nA par\u00f3quia tem como&nbsp; respons\u00e1vel pela igreja o Pe. Ac\u00e1ssio Alves da&nbsp;Silva<\/p>\n","protected":false},"excerpt":{"rendered":"<p>A Par\u00f3quia S\u00e3o Judas Tadeu situada em Itabuna (BA) est\u00e1 festejando o seu&nbsp;padroeiro, o glorioso S\u00e3o Judas Tadeu, desde o dia 18 de outubro, com o Noven\u00e1ro em honra ao santo. As celebra\u00e7\u00f5es seguem at\u00e9 s\u00e1bado (27), o grande dia festivo. O&nbsp; tema central da festa: &#8220;Sal da Terra, Luz&nbsp;do mundo&#8221;. &nbsp;Nesta segunda-feira, (22), \u00e0s&nbsp;<\/p>\n<p><a class=\"btn btn-style\" href=\"http:\/\/portalcatolico.net\/portal\/continua-em-itabuna-o-novenario-de-sao-judas-tadeu\/\">Continue Reading<\/a><\/p>\n","protected":false},"author":2,"featured_media":60528,"comment_status":"open","ping_status":"open","sticky":false,"template":"","format":"standard","meta":{"footnotes":""},"categories":[68],"tags":[],"class_list":["post-60527","post","type-post","status-publish","format-standard","has-post-thumbnail","hentry","category-homilias"],"_links":{"self":[{"href":"http:\/\/portalcatolico.net\/portal\/wp-json\/wp\/v2\/posts\/60527","targetHints":{"allow":["GET"]}}],"collection":[{"href":"http:\/\/portalcatolico.net\/portal\/wp-json\/wp\/v2\/posts"}],"about":[{"href":"http:\/\/portalcatolico.net\/portal\/wp-json\/wp\/v2\/types\/post"}],"author":[{"embeddable":true,"href":"http:\/\/portalcatolico.net\/portal\/wp-json\/wp\/v2\/users\/2"}],"replies":[{"embeddable":true,"href":"http:\/\/portalcatolico.net\/portal\/wp-json\/wp\/v2\/comments?post=60527"}],"version-history":[{"count":1,"href":"http:\/\/portalcatolico.net\/portal\/wp-json\/wp\/v2\/posts\/60527\/revisions"}],"predecessor-version":[{"id":60529,"href":"http:\/\/portalcatolico.net\/portal\/wp-json\/wp\/v2\/posts\/60527\/revisions\/60529"}],"wp:featuredmedia":[{"embeddable":true,"href":"http:\/\/portalcatolico.net\/portal\/wp-json\/wp\/v2\/media\/60528"}],"wp:attachment":[{"href":"http:\/\/portalcatolico.net\/portal\/wp-json\/wp\/v2\/media?parent=60527"}],"wp:term":[{"taxonomy":"category","embeddable":true,"href":"http:\/\/portalcatolico.net\/portal\/wp-json\/wp\/v2\/categories?post=60527"},{"taxonomy":"post_tag","embeddable":true,"href":"http:\/\/portalcatolico.net\/portal\/wp-json\/wp\/v2\/tags?post=60527"}],"curies":[{"name":"wp","href":"https:\/\/api.w.org\/{rel}","templated":true}]}}