{"id":60522,"date":"2018-10-22T12:27:45","date_gmt":"2018-10-22T15:27:45","guid":{"rendered":"http:\/\/portalcatolico.net\/portal\/?p=60522"},"modified":"2018-10-22T12:29:24","modified_gmt":"2018-10-22T15:29:24","slug":"papa-francisco-reza-diante-do-tumulo-de-sao-joao-paulo-ii-no-dia-de-sua-festa","status":"publish","type":"post","link":"http:\/\/portalcatolico.net\/portal\/papa-francisco-reza-diante-do-tumulo-de-sao-joao-paulo-ii-no-dia-de-sua-festa\/","title":{"rendered":"Papa Francisco reza diante do t\u00famulo de S\u00e3o Jo\u00e3o Paulo II no dia de sua festa"},"content":{"rendered":"<p>O Papa Francisco visitou, na manh\u00e3 de hoje, o t\u00famulo de S\u00e3o Jo\u00e3o Paulo II, na Bas\u00edlica de S\u00e3o Pedro no Vaticano, para rezar brevemente diante das suas rel\u00edquias no dia de sua festa.<\/p>\n<p>Em declara\u00e7\u00f5es \u00e0 m\u00eddia do Vaticano, o Prefeito do Dicast\u00e9rio para a Comunica\u00e7\u00e3o, Paolo Ruffini, recordou \u201ca import\u00e2ncia de S\u00e3o Jo\u00e3o Paulo II na rela\u00e7\u00e3o com as novas gera\u00e7\u00f5es. Ele \u00e9 um Papa muito ligado ao mundo dos jovens\u201d.<\/p>\n<p>O Santo Padre sempre mostrou uma devo\u00e7\u00e3o especial ao Papa polon\u00eas, cuja canoniza\u00e7\u00e3o foi presidida por ele em 27 de abril de 2014. Durante a&nbsp;Missa&nbsp;de canoniza\u00e7\u00e3o, junto com a do Papa Jo\u00e3o XXIII, Francisco afirmou que S\u00e3o Jo\u00e3o Paulo II foi \u201co Papa da fam\u00edlia. Ele mesmo disse uma vez que assim gostaria de ser lembrado: como o Papa da fam\u00edlia\u201d.<\/p>\n<p><img loading=\"lazy\" decoding=\"async\" class=\"size-medium wp-image-60525 alignleft\" src=\"http:\/\/portalcatolico.net\/portal\/wp-content\/uploads\/2018\/10\/DqGhYtnW4AEmSVB-300x235.jpg\" alt=\"\" width=\"300\" height=\"235\" srcset=\"http:\/\/portalcatolico.net\/portal\/wp-content\/uploads\/2018\/10\/DqGhYtnW4AEmSVB-300x235.jpg 300w, http:\/\/portalcatolico.net\/portal\/wp-content\/uploads\/2018\/10\/DqGhYtnW4AEmSVB-768x602.jpg 768w, http:\/\/portalcatolico.net\/portal\/wp-content\/uploads\/2018\/10\/DqGhYtnW4AEmSVB.jpg 1024w\" sizes=\"auto, (max-width: 300px) 100vw, 300px\" \/>Recentemente, em uma mensagem dirigida \u00e0 diocese italiana de Alba por ocasi\u00e3o do congresso pelos 40 anos da elei\u00e7\u00e3o de Karol Wojtyla como Pont\u00edfice, Francisco os encorajou a \u201credescobrir o seu testemunho de fidelidade a Deus e amor ao homem do meu venerado Predecessor\u201d e desejou que, ao seguir o caminho de S\u00e3o Jo\u00e3o Paulo II, os jovens se sintam incentivados \u201ca abrir as portas a Cristo para um generoso compromisso em favor da paz, da fraternidade e da solidariedade\u201d.<\/p>\n<p>Do mesmo modo, em uma audi\u00eancia concedida aos peregrinos poloneses em 10 de outubro, o Papa assegurou que \u201cS\u00e3o Jo\u00e3o Paulo II enriqueceu a&nbsp;Igreja cat\u00f3lica com uma imensa abund\u00e2ncia de dons, que, em grande parte, recebeu como heran\u00e7a do tesouro da f\u00e9 e da santidade da sua terra e da sua Igreja\u201d.<\/p>\n<p>Portanto, reivindicou o seu Pontificado, pois \u201ctentou fazer com que a Igreja fosse defensora dos direitos inalien\u00e1veis do homem, da fam\u00edlia e dos povos, sendo sinal de paz, justi\u00e7a e desenvolvimento integral para toda a fam\u00edlia humana\u201d.ACI Digital)<\/p>\n<p>Papa Francisco diante do t\u00famulo de S\u00e3o Jo\u00e3o Paulo II. Foto Vatican Media<\/p>\n","protected":false},"excerpt":{"rendered":"<p>O Papa Francisco visitou, na manh\u00e3 de hoje, o t\u00famulo de S\u00e3o Jo\u00e3o Paulo II, na Bas\u00edlica de S\u00e3o Pedro no Vaticano, para rezar brevemente diante das suas rel\u00edquias no dia de sua festa. Em declara\u00e7\u00f5es \u00e0 m\u00eddia do Vaticano, o Prefeito do Dicast\u00e9rio para a Comunica\u00e7\u00e3o, Paolo Ruffini, recordou \u201ca import\u00e2ncia de S\u00e3o Jo\u00e3o&nbsp;<\/p>\n<p><a class=\"btn btn-style\" href=\"http:\/\/portalcatolico.net\/portal\/papa-francisco-reza-diante-do-tumulo-de-sao-joao-paulo-ii-no-dia-de-sua-festa\/\">Continue Reading<\/a><\/p>\n","protected":false},"author":2,"featured_media":60523,"comment_status":"open","ping_status":"open","sticky":false,"template":"","format":"standard","meta":{"footnotes":""},"categories":[5],"tags":[],"class_list":["post-60522","post","type-post","status-publish","format-standard","has-post-thumbnail","hentry","category-igreja_no_mundo"],"_links":{"self":[{"href":"http:\/\/portalcatolico.net\/portal\/wp-json\/wp\/v2\/posts\/60522","targetHints":{"allow":["GET"]}}],"collection":[{"href":"http:\/\/portalcatolico.net\/portal\/wp-json\/wp\/v2\/posts"}],"about":[{"href":"http:\/\/portalcatolico.net\/portal\/wp-json\/wp\/v2\/types\/post"}],"author":[{"embeddable":true,"href":"http:\/\/portalcatolico.net\/portal\/wp-json\/wp\/v2\/users\/2"}],"replies":[{"embeddable":true,"href":"http:\/\/portalcatolico.net\/portal\/wp-json\/wp\/v2\/comments?post=60522"}],"version-history":[{"count":2,"href":"http:\/\/portalcatolico.net\/portal\/wp-json\/wp\/v2\/posts\/60522\/revisions"}],"predecessor-version":[{"id":60526,"href":"http:\/\/portalcatolico.net\/portal\/wp-json\/wp\/v2\/posts\/60522\/revisions\/60526"}],"wp:featuredmedia":[{"embeddable":true,"href":"http:\/\/portalcatolico.net\/portal\/wp-json\/wp\/v2\/media\/60523"}],"wp:attachment":[{"href":"http:\/\/portalcatolico.net\/portal\/wp-json\/wp\/v2\/media?parent=60522"}],"wp:term":[{"taxonomy":"category","embeddable":true,"href":"http:\/\/portalcatolico.net\/portal\/wp-json\/wp\/v2\/categories?post=60522"},{"taxonomy":"post_tag","embeddable":true,"href":"http:\/\/portalcatolico.net\/portal\/wp-json\/wp\/v2\/tags?post=60522"}],"curies":[{"name":"wp","href":"https:\/\/api.w.org\/{rel}","templated":true}]}}