{"id":60519,"date":"2018-10-20T19:48:32","date_gmt":"2018-10-20T22:48:32","guid":{"rendered":"http:\/\/portalcatolico.net\/portal\/?p=60519"},"modified":"2018-10-20T19:48:32","modified_gmt":"2018-10-20T22:48:32","slug":"quanto-voce-sabe-sobre-sao-joao-paulo-ii-esses-sao-10-dados-que-deve-conhecer","status":"publish","type":"post","link":"http:\/\/portalcatolico.net\/portal\/quanto-voce-sabe-sobre-sao-joao-paulo-ii-esses-sao-10-dados-que-deve-conhecer\/","title":{"rendered":"Quanto voc\u00ea sabe sobre S\u00e3o Jo\u00e3o Paulo II? Esses s\u00e3o 10 dados que deve conhecer"},"content":{"rendered":"<p>Nos pr\u00f3ximos dias ser\u00e1 celebrada a festa de S\u00e3o Jo\u00e3o Paulo II e, por isso, apresentamos 10 chaves para conhecer mais sobre a&nbsp;vida&nbsp;do Papa peregrino, denominado \u201cAp\u00f3stolo da Miseric\u00f3rdia\u201d e um dos l\u00edderes mais influentes do s\u00e9culo XX.<\/p>\n<p><strong>1. Nasceu na Pol\u00f4nia<\/strong><\/p>\n<p>Nasceu em Wadowice, em 18 de maio de 1920, em uma pequena cidade a 50 quil\u00f4metros de Crac\u00f3via. Era o mais novo dos tr\u00eas filhos de Karol Wojtyla e Em\u00edlia Kaczorowska. Sua m\u00e3e faleceu em 1929. Seu irm\u00e3o mais velho, Edmundo (m\u00e9dico), morreu em 1932 e seu pai (suboficial do ex\u00e9rcito), em 1041. Sua irm\u00e3 Olga morreu antes dele nascer.<\/p>\n<p><strong>2. Seu santo patrono era S\u00e3o Carlos (Karol) Borromeu<\/strong><\/p>\n<p>Embora tenham vivido em \u00e9pocas diferentes, os dois est\u00e3o unidos por ter hist\u00f3rias parecidas que o pr\u00f3prio S\u00e3o Jo\u00e3o Paulo II ressaltou em sua audi\u00eancia de 4 de novembro de 1981.<\/p>\n<p>A primeira semelhan\u00e7a est\u00e1 no nome, pois \u201cKarol\u201d Wojtyla em portugu\u00eas \u00e9 \u201cCarlos\u201d, nome com o qual S\u00e3o Jo\u00e3o Paulo II foi batizado. Outras semelhan\u00e7as s\u00e3o que ambos sofreram tentativas de assassinato, participaram de Conc\u00edlios e compartilharam o amor pelos pobres e doentes.<\/p>\n<p><strong>3. Bateu recordes e obteve importantes conquistas<\/strong><\/p>\n<p>O Papa S\u00e3o Jo\u00e3o Paulo II foi o primeiro Pont\u00edfice n\u00e3o italiano desde Adriano VI (1522-1523). Do mesmo modo, foi quem fez mais viagens, somando 129 pa\u00edses; e quem mais realizou beatifica\u00e7\u00f5es e canoniza\u00e7\u00f5es \u2013 1.340 beatos e 483 santos. Tamb\u00e9m foi o primeiro a visitar uma sinagoga, a Casa Branca (Estados Unidos) e Cuba.<\/p>\n<p><strong>4. Foi um grande diplomata<\/strong><\/p>\n<p>Durante seu pontificado, S\u00e3o Jo\u00e3o Paulo II aumentou o n\u00famero de na\u00e7\u00f5es que contam com rela\u00e7\u00f5es diplom\u00e1ticas com a Santa S\u00e9. Passou de 85 pa\u00edses em 1978 para 174 em 2003.<\/p>\n<p>Isso incluiu s Estados Unidos (que previamente s\u00f3 tinha status de delega\u00e7\u00e3o), a Uni\u00e3o Europeia, a Ordem Militar Soberana de Malta e a maioria das na\u00e7\u00f5es do antigo bloco comunista. Al\u00e9m disso, estabeleceu \u201crela\u00e7\u00f5es de natureza especial\u201d com a Federa\u00e7\u00e3o russa e a Organiza\u00e7\u00e3o para a Liberta\u00e7\u00e3o da Palestina.<\/p>\n<p><strong>5. Criou a Jornada Mundial da Juventude<\/strong><\/p>\n<p>Seu amor pelos jovens o impulsionou a iniciar em 1985 as Jornadas Mundiais da Juventude (JMJ). Nas 19 edi\u00e7\u00f5es da JMJ celebradas ao longo de seu pontificado, foram reunidos milh\u00f5es de jovens de todo o mundo.<\/p>\n<p>Al\u00e9m disso, sua aten\u00e7\u00e3o para com a fam\u00edlia se manifestou com os encontros mundiais das fam\u00edlias, inaugurados por ele em 1994.<\/p>\n<p><strong>6. Tinha dois doutorados<\/strong><\/p>\n<p>Em 1948, obteve o doutorado em teologia pela Pontif\u00edcia Universidade de Santo Tom\u00e1s de Aquino, com uma tese sobre o tema da f\u00e9 nas obras de S\u00e3o Jo\u00e3o da Cruz.<\/p>\n<p>Em 1953, obteve o doutorado em filosofia pela Universidade Cat\u00f3lica de Lublin, cm uma tese intitulada \u201cAvalia\u00e7\u00e3o da possibilidade de fundar uma \u00e9tica cat\u00f3lica sobre a base do sistema \u00e9tico de Max Scheler\u201d.<\/p>\n<p><strong>7. Sobreviveu a mais de um atentado<\/strong><\/p>\n<p>Em 13 de maio de 1981, recebeu um tiro na Pra\u00e7a de S\u00e3o Pedro por parte do turco Mehmet Al Agca.<\/p>\n<p>Em 12 de maio de 1982, em F\u00e1tima, Portugal, onde o Papa havia chegado para agradecer por sua vida depois do atentado do ano anterior, um sacerdote cism\u00e1tico tentou apunhal\u00e1-lo com uma faca, mas foi detido a poucos metros.<\/p>\n<p>\u00c9 conhecido pelo menos mais um atentado, o de terroristas mu\u00e7ulmanos que tentaram explodir o avi\u00e3o no qual o Papa viajava durante sua visita a Filipinas. Autoridades filipinas frustraram o plano elaborado.<\/p>\n<p><strong>8. Pediu perd\u00e3o em nome da&nbsp;Igreja<\/strong><\/p>\n<p>Em 12 de mar\u00e7o de 2000, pediu perd\u00e3o pelas faltas humanas cometidas na Igreja Cat\u00f3lica em toda a sua hist\u00f3ria. Fazendo refer\u00eancia \u00e0 discrimina\u00e7\u00e3o para com as mulheres, os pobres e etnias.<\/p>\n<p>Em 15 de junho de 2004, pediu perd\u00e3o pela inquisi\u00e7\u00e3o, \u201cpor erros cometidos no servi\u00e7o da verdade por meio do uso de m\u00e9todos que n\u00e3o tinham nada a ver com o evangelho\u201d.<\/p>\n<p><strong>9. Promulgou o&nbsp;Catecismo&nbsp;da Igreja Cat\u00f3lica<\/strong><\/p>\n<p>Promulgou o Catecismo Universal da Igreja Cat\u00f3lica, fruto do s\u00ednodo especial de&nbsp;bispos&nbsp;de 1985 dedicado ao Conc\u00edlio Vaticano II. Tamb\u00e9m reformou o C\u00f3digo de Direito Can\u00f4nico, o C\u00f3digo de C\u00e2nones das Igrejas Orientais e reorganizou a C\u00faria Romana.<\/p>\n<p>Al\u00e9m disso, entre seus documentos magisteriais est\u00e3o inclu\u00eddos 14 enc\u00edclicas, 15 exorta\u00e7\u00f5es apost\u00f3licas, 11 constitui\u00e7\u00f5es apost\u00f3licas e 45 cartas apost\u00f3licas.<\/p>\n<p><strong>10. Sua beatifica\u00e7\u00e3o foi a mais r\u00e1pida dos tempos modernos<\/strong><\/p>\n<p>S\u00e3o Jo\u00e3o Paulo II faleceu em 2 de abril de 2005. No dia 28 do mesmo m\u00eas, o&nbsp;Papa Bento XVI&nbsp;dispensou o tempo de cinco anos de espera ap\u00f3s sua morte para iniciar a causa de beatifica\u00e7\u00e3o e canoniza\u00e7\u00e3o.<\/p>\n<p>A causa foi aberta oficialmente pelo Cardeal Camillo Ruini, vig\u00e1rio geral para a Diocese de Roma, em 28 de junho de 2005. O Papa&nbsp;Bento XVI&nbsp;o beatificou em 1\u00ba de maio de 2011 e o Papa Francisco o canonizou, junto com Jo\u00e3o XXIII, em 27 de abril de 2014.(ACI Digital)<\/p>\n<p>S\u00e3o Jo\u00e3o Paulo II \/ L&#8217;Osservatore Romano<\/p>\n<p>Por Diego L\u00f3pez Marina<\/p>\n","protected":false},"excerpt":{"rendered":"<p>Nos pr\u00f3ximos dias ser\u00e1 celebrada a festa de S\u00e3o Jo\u00e3o Paulo II e, por isso, apresentamos 10 chaves para conhecer mais sobre a&nbsp;vida&nbsp;do Papa peregrino, denominado \u201cAp\u00f3stolo da Miseric\u00f3rdia\u201d e um dos l\u00edderes mais influentes do s\u00e9culo XX. 1. Nasceu na Pol\u00f4nia Nasceu em Wadowice, em 18 de maio de 1920, em uma pequena cidade&nbsp;<\/p>\n<p><a class=\"btn btn-style\" href=\"http:\/\/portalcatolico.net\/portal\/quanto-voce-sabe-sobre-sao-joao-paulo-ii-esses-sao-10-dados-que-deve-conhecer\/\">Continue Reading<\/a><\/p>\n","protected":false},"author":2,"featured_media":60520,"comment_status":"open","ping_status":"open","sticky":false,"template":"","format":"standard","meta":{"footnotes":""},"categories":[5],"tags":[],"class_list":["post-60519","post","type-post","status-publish","format-standard","has-post-thumbnail","hentry","category-igreja_no_mundo"],"_links":{"self":[{"href":"http:\/\/portalcatolico.net\/portal\/wp-json\/wp\/v2\/posts\/60519","targetHints":{"allow":["GET"]}}],"collection":[{"href":"http:\/\/portalcatolico.net\/portal\/wp-json\/wp\/v2\/posts"}],"about":[{"href":"http:\/\/portalcatolico.net\/portal\/wp-json\/wp\/v2\/types\/post"}],"author":[{"embeddable":true,"href":"http:\/\/portalcatolico.net\/portal\/wp-json\/wp\/v2\/users\/2"}],"replies":[{"embeddable":true,"href":"http:\/\/portalcatolico.net\/portal\/wp-json\/wp\/v2\/comments?post=60519"}],"version-history":[{"count":1,"href":"http:\/\/portalcatolico.net\/portal\/wp-json\/wp\/v2\/posts\/60519\/revisions"}],"predecessor-version":[{"id":60521,"href":"http:\/\/portalcatolico.net\/portal\/wp-json\/wp\/v2\/posts\/60519\/revisions\/60521"}],"wp:featuredmedia":[{"embeddable":true,"href":"http:\/\/portalcatolico.net\/portal\/wp-json\/wp\/v2\/media\/60520"}],"wp:attachment":[{"href":"http:\/\/portalcatolico.net\/portal\/wp-json\/wp\/v2\/media?parent=60519"}],"wp:term":[{"taxonomy":"category","embeddable":true,"href":"http:\/\/portalcatolico.net\/portal\/wp-json\/wp\/v2\/categories?post=60519"},{"taxonomy":"post_tag","embeddable":true,"href":"http:\/\/portalcatolico.net\/portal\/wp-json\/wp\/v2\/tags?post=60519"}],"curies":[{"name":"wp","href":"https:\/\/api.w.org\/{rel}","templated":true}]}}