{"id":60516,"date":"2018-10-20T19:41:33","date_gmt":"2018-10-20T22:41:33","guid":{"rendered":"http:\/\/portalcatolico.net\/portal\/?p=60516"},"modified":"2018-10-20T19:41:33","modified_gmt":"2018-10-20T22:41:33","slug":"festa-em-louvor-ao-padroeiro-santo-antonio-de-santana-galvao-em-ilheus","status":"publish","type":"post","link":"http:\/\/portalcatolico.net\/portal\/festa-em-louvor-ao-padroeiro-santo-antonio-de-santana-galvao-em-ilheus\/","title":{"rendered":"Festa em Louvor ao Padroeiro Santo Ant\u00f4nio de Santana Galv\u00e3o em Ilh\u00e9us"},"content":{"rendered":"<p>Estamos pr\u00f3ximos aos Festejos em Louvor ao Padroeiro da Comunidade do Alto dos Carilos, Santo Ant\u00f4nio de Santana Galv\u00e3o, o Primeiro Santo Brasileiro, pertencente a esta Par\u00f3quia Santa Rita de C\u00e1ssia, no Bairro da Conquista em Ilh\u00e9us.<\/p>\n<p><strong>&nbsp;<\/strong><strong>Programa\u00e7\u00e3o<\/strong><\/p>\n<p><strong>&nbsp;<\/strong><strong>I Noite: 22 de outubro \u2013 Segunda-Feira<\/strong><\/p>\n<p><strong>Sub Tema<\/strong>: \u201cSaciados Plenamente em Jesus, Crist\u00e3os Leigos e Leigas Assumem seu Papel na Igreja\u201d.<\/p>\n<p><strong>Leituras B\u00edblicas: <\/strong>RM 5,1-2. 5-8; Sl 94; Jo 4,5-42 Lecion\u00e1rio 1 Pagina 113-117<\/p>\n<p><strong>Anima\u00e7\u00e3o:<\/strong> M\u00e3es Intercessoras e RCC Paroquial<\/p>\n<p><strong>Convidados:<\/strong> Apostolado da Ora\u00e7\u00e3o, Legi\u00e3o de Maria, M\u00e3e Peregrina, M\u00e3es Intercessoras da Par\u00f3quia, RCC e demais Devotos da Cidade.<\/p>\n<p>&nbsp;<\/p>\n<p><strong>II Noite: 23 de outubro \u2013 Ter\u00e7a-Feira<\/strong><\/p>\n<p><strong>Sub Tema<\/strong>: \u201cNo Ambiente Familiar, Crist\u00e3os Leigos e Leigas Vivenciam o Projeto de Deus, para a Realiza\u00e7\u00e3o do Ser Humano\u201d.<\/p>\n<p><strong>Leituras B\u00edblicas: <\/strong>Gn 2,18-24; Sl 127; Mc 10,2-13 Lecion\u00e1rio 1 P\u00e1ginas 655-677<\/p>\n<p><strong>Anima\u00e7\u00e3o:<\/strong> Comunidade Santa Rita<\/p>\n<p><strong>Convidados:<\/strong> Pastoral Familiar, Grupo Dirigente e Casais do ECC, Grupo de Espiritualidades com Fam\u00edlia e Demais Devotos da Cidade.<\/p>\n<p>&nbsp;<\/p>\n<p><strong>III Noite: 24 de outubro \u2013 Quarta-Feira<\/strong><\/p>\n<p><strong>Sub Tema<\/strong>: \u201cComo Membros do Corpo de Cristo que \u00e9 a Igreja, Crist\u00e3os Leigos e Leigas Constroem Nova Hist\u00f3ria\u201d.<\/p>\n<p><strong>Leituras B\u00edblicas: <\/strong>Rm 12,1-2; Sl 32 (Pag: 110); Mt 16,21-27 Lecion\u00e1rio 1 P\u00e1ginas 318-319<\/p>\n<p><strong>Anima\u00e7\u00e3o:<\/strong> Comunidade Santa Rita<\/p>\n<p><strong>Convidados:<\/strong> Pastoral Familiar, Grupo Dirigente e Casais do ECC, Grupo de Espiritualidades com Fam\u00edlia e Demais Devotos da Cidade<\/p>\n<p>&nbsp;<\/p>\n<p><strong>25 de outubro \u2013 Quinta-Feira<\/strong><\/p>\n<p><em>Dia Consagrado ao Excelso Frei Galv\u00e3o<\/em><\/p>\n<p><strong>05h00 \u2013<\/strong> Alvorada Festiva<\/p>\n<p><strong>18h00 \u2013<\/strong> Prociss\u00e3o Solene<\/p>\n<p><strong>19h00 \u2013<\/strong> Missa Festiva<\/p>\n<p><strong>Animadores:<\/strong> MECE e Liturgia<\/p>\n<p><strong>OBS:<\/strong> Ap\u00f3s a Missa Festiva, Queima de Fogos e Distribui\u00e7\u00e3o das Cinzas<\/p>\n<p>Todos os dias haver\u00e1 vendas de doces e salgados ap\u00f3s a realiza\u00e7\u00e3o do Tr\u00edduo preparat\u00f3rio e tamb\u00e9m no dia da Festa<\/p>\n<p>Informa\u00e7\u00f5es: Par\u00f3quia Santa Rita de C\u00e1ssia\/Diocese de Ilh\u00e9us<\/p>\n<p>&nbsp;<\/p>\n","protected":false},"excerpt":{"rendered":"<p>Estamos pr\u00f3ximos aos Festejos em Louvor ao Padroeiro da Comunidade do Alto dos Carilos, Santo Ant\u00f4nio de Santana Galv\u00e3o, o Primeiro Santo Brasileiro, pertencente a esta Par\u00f3quia Santa Rita de C\u00e1ssia, no Bairro da Conquista em Ilh\u00e9us. &nbsp;Programa\u00e7\u00e3o &nbsp;I Noite: 22 de outubro \u2013 Segunda-Feira Sub Tema: \u201cSaciados Plenamente em Jesus, Crist\u00e3os Leigos e Leigas&nbsp;<\/p>\n<p><a class=\"btn btn-style\" href=\"http:\/\/portalcatolico.net\/portal\/festa-em-louvor-ao-padroeiro-santo-antonio-de-santana-galvao-em-ilheus\/\">Continue Reading<\/a><\/p>\n","protected":false},"author":2,"featured_media":60517,"comment_status":"open","ping_status":"open","sticky":false,"template":"","format":"standard","meta":{"footnotes":""},"categories":[1],"tags":[],"class_list":["post-60516","post","type-post","status-publish","format-standard","has-post-thumbnail","hentry","category-agenda"],"_links":{"self":[{"href":"http:\/\/portalcatolico.net\/portal\/wp-json\/wp\/v2\/posts\/60516","targetHints":{"allow":["GET"]}}],"collection":[{"href":"http:\/\/portalcatolico.net\/portal\/wp-json\/wp\/v2\/posts"}],"about":[{"href":"http:\/\/portalcatolico.net\/portal\/wp-json\/wp\/v2\/types\/post"}],"author":[{"embeddable":true,"href":"http:\/\/portalcatolico.net\/portal\/wp-json\/wp\/v2\/users\/2"}],"replies":[{"embeddable":true,"href":"http:\/\/portalcatolico.net\/portal\/wp-json\/wp\/v2\/comments?post=60516"}],"version-history":[{"count":1,"href":"http:\/\/portalcatolico.net\/portal\/wp-json\/wp\/v2\/posts\/60516\/revisions"}],"predecessor-version":[{"id":60518,"href":"http:\/\/portalcatolico.net\/portal\/wp-json\/wp\/v2\/posts\/60516\/revisions\/60518"}],"wp:featuredmedia":[{"embeddable":true,"href":"http:\/\/portalcatolico.net\/portal\/wp-json\/wp\/v2\/media\/60517"}],"wp:attachment":[{"href":"http:\/\/portalcatolico.net\/portal\/wp-json\/wp\/v2\/media?parent=60516"}],"wp:term":[{"taxonomy":"category","embeddable":true,"href":"http:\/\/portalcatolico.net\/portal\/wp-json\/wp\/v2\/categories?post=60516"},{"taxonomy":"post_tag","embeddable":true,"href":"http:\/\/portalcatolico.net\/portal\/wp-json\/wp\/v2\/tags?post=60516"}],"curies":[{"name":"wp","href":"https:\/\/api.w.org\/{rel}","templated":true}]}}