{"id":60511,"date":"2018-10-19T22:30:03","date_gmt":"2018-10-20T01:30:03","guid":{"rendered":"http:\/\/portalcatolico.net\/portal\/?p=60511"},"modified":"2018-10-20T08:25:31","modified_gmt":"2018-10-20T11:25:31","slug":"fieis-de-itabuna-celebram-sao-judas-tadeu-em-novenario","status":"publish","type":"post","link":"http:\/\/portalcatolico.net\/portal\/fieis-de-itabuna-celebram-sao-judas-tadeu-em-novenario\/","title":{"rendered":"Fieis de Itabuna celebram S\u00e3o Judas Tadeu em Noven\u00e1rio"},"content":{"rendered":"<p style=\"font-weight: 400;\">Tendo como tema central da festa: &#8220;Sal da Terra, Luz do mundo&#8221; a&nbsp;Par\u00f3quia S\u00e3o Judas Tadeu localizada na Av. Ilh\u00e9us, n\u00ba 410, Bairro&nbsp;Cast\u00e1lia, na cidade e Diocese de Itabuna, no sul da Bahia, est\u00e1&nbsp;festejando o seu padroeiro entre os dias 18 a&nbsp; 27 de outubro. Os&nbsp;preparativos em homenagem e festa do santo tiveram in\u00edcio no dia 17,com&nbsp;uma carreata pelas principais ruas e avenidas da cidade e no final,&nbsp;teve b\u00ean\u00e7\u00e3o dos ve\u00edculos e motoristas.<br \/>\nNesta quinta-feira, dia 18 de outubro, teve in\u00edcio o Noven\u00e1rio em&nbsp;homenagem a S\u00e3o Judas Tadeu. O celebrante e convidado especial da&nbsp;&nbsp;primeira noite foi o Pe. Ezequias Gon\u00e7alves, p\u00e1roco da par\u00f3quia Nossa&nbsp;Senhora Aparecida, do bairro Calif\u00f3rnia em Itabuna.<\/p>\n<p style=\"font-weight: 400;\">Confira a programa\u00e7\u00e3o dos pr\u00f3ximos dias:<\/p>\n<p><strong>19\/10\/2018-Sexta-feira<\/strong><br \/>\n19h-Santa Missa<br \/>\nSubtema: &#8221; Crist\u00e3os-leigos e leigas no \u00e2mbito eclesial: grupos,&nbsp;movimentos, servi\u00e7os e pastorais.&#8221;<br \/>\nRespons\u00e1veis: MECE, RCC e Comunidade de S\u00e3o Jo\u00e3o Batista.<br \/>\nConvidados: Ministros Extraordin\u00e1rio da Comunh\u00e3o da Eucaristia, Comunidade de S\u00e3o Joao Batista e RCC .<\/p>\n<p><strong>20\/10\/2018-S\u00e1bado<\/strong><br \/>\nSanta Missa- S\u00e3o Judas<br \/>\nSubtema: &#8220;Crist\u00e3os \u2013 disc\u00edpulos e mission\u00e1rios de Jesus&#8221;.<br \/>\nRespons\u00e1veis: Pastoral Familiar e Santu\u00e1rio de Santo Ant\u00f4nio<br \/>\nConvidados: Santu\u00e1rio de Santo Ant\u00f4nio, Pastoral Familiar e Comunidade&nbsp;Rainha da Paz (Compaz)<\/p>\n<p><strong>21\/10\/2018-Domingo<\/strong><br \/>\n9h-Santa Missa (Santu\u00e1rio Santo Ant\u00f4nio, Av. Cinquenten\u00e1rio )<br \/>\n19h-Santa Missa na Igreja matriz de s\u00e3o Judas Tadeu<br \/>\nSubtema: &#8221; Crist\u00e3os trabalhando na cultura do encontro&#8221;.<br \/>\nRespons\u00e1veis: Pastoral da acolhida&nbsp; e Pastoral do Dizimo<br \/>\nConvidados: Dizimistas<\/p>\n<p><strong>22\/10\/2018- segunda-feira<\/strong><br \/>\n18h-Santo Ter\u00e7o<br \/>\n19h-Santa Missa<br \/>\nSubtema: &#8220;Crist\u00e3os inserido&nbsp; nas realidade e periferia e exist\u00eancia da&nbsp;sociedade atual&#8221;.<br \/>\nRespons\u00e1veis: Legi\u00e3o de Maria e Ter\u00e7o dos Homens.<br \/>\nConvidados: Legion\u00e1rios e Ter\u00e7o dos Homens da Diocese.<\/p>\n<p><strong>23\/10\/2018-Ter\u00e7a feira<\/strong><br \/>\n19h-Santa Missa<br \/>\nSubtema: &#8220;Crist\u00e3os&nbsp; alimento a caminhada na ora\u00e7\u00e3o pessoal e lit\u00fargica&nbsp;&#8220;.<br \/>\nRespons\u00e1veis: Pastoral da Catequese e Pascom-Pastoral da Comunica\u00e7\u00e3o<br \/>\nConvidados: Crian\u00e7as e Adolescentes<br \/>\nB\u00ean\u00e7\u00e3os aos flamenguistas<\/p>\n<p><strong>24\/10\/18 _Quarta-feira<\/strong><br \/>\n19h-Santa Missa<br \/>\nSubtema: &#8221; Crist\u00e3os formadores na escuta da palavra de Deus&#8221;.<br \/>\nRespons\u00e1veis: M\u00e3e Peregrina e Imaculada Concei\u00e7\u00e3o de Maria<br \/>\nConvidados: Grupo da M\u00e3e Peregrina<\/p>\n<p><strong>25\/10\/18- Quinta-feira<\/strong><br \/>\n19h-santa Missa<br \/>\nSubtema: &#8221; Crist\u00e3os promotores da Paz.&#8221;<br \/>\nRespons\u00e1veis: Rainha da Paz<br \/>\nConvidados: Equipe de Nossa Senhora e Comunidade Rainha da Paz<\/p>\n<p><strong>26\/10\/18-Sexta-feira<\/strong><br \/>\n19h-santa Missa<br \/>\nSubtema: &#8220;Leigos e leigas, presen\u00e7a da Igreja \u2013Servi\u00e7o no mundo.<br \/>\nRespons\u00e1veis: EJC e Minist\u00e9rio da M\u00fasica<br \/>\nConvidados: Jovens<\/p>\n<p><strong>Dia festivo<\/strong><\/p>\n<p>27\/10\/18-S\u00e1bado<br \/>\n8h-oficio de S\u00e3o Judas Tadeu<br \/>\n10- Batizados<br \/>\n18h-missa solene e Prociss\u00e3o ap\u00f3s a santa missa<br \/>\nSubtema: &#8220;Sal da Terra e luz do mundo&#8221;.<br \/>\nConvidados: Todas as pastorais, movimentos, grupos e paroquianos.<br \/>\nA par\u00f3quia tem como&nbsp; respons\u00e1vel pela igreja o Pe. Ac\u00e1ssio Alves da&nbsp;Silva<\/p>\n<p style=\"font-weight: 400;\"><strong>Quem \u00e9 S\u00e3o Judas Tadeu?<\/strong><br \/>\nS\u00e3o Judas Tadeu \u00e9 um dos doze ap\u00f3stolos de Jesus. Era filho de Cl\u00e9ofas&nbsp;(irm\u00e3o de S\u00e3o Jos\u00e9) e de Maria de Cl\u00e9ofas (irm\u00e3 de Nossa Senhora).&nbsp;Assim, ele era primo de Jesus. Diziam que se parecia muito com o Mestre.&nbsp;S\u00e3o Judas era tamb\u00e9m irm\u00e3o de S\u00e3o Tiago, chamado &#8220;O Menor&#8221;, e de S\u00e3o&nbsp;Sim\u00e3o.&nbsp; Ambos disc\u00edpulos de Jesus. O nome Judas significa &#8220;Deus seja&nbsp;louvado&#8221;.H\u00e1 s\u00e9culos, S\u00e3o Judas \u00e9 venerado pelos crist\u00e3os como um dos santos mais&nbsp;populares da Igreja. Ele \u00e9 invocado como o &#8220;Santo das Causas Perdidas&#8221;.<\/p>\n<p>Toda comiss\u00e3o organizadora da festa espera todos devotos de S\u00e3o Judas&nbsp;<br \/>\nTadeu para celebrarem junto este momento festivo de f\u00e9 e de alegria.<\/p>\n<p>Foto:Acervo\/Portal Cat\u00f3lico.Net<\/p>\n","protected":false},"excerpt":{"rendered":"<p>Tendo como tema central da festa: &#8220;Sal da Terra, Luz do mundo&#8221; a&nbsp;Par\u00f3quia S\u00e3o Judas Tadeu localizada na Av. Ilh\u00e9us, n\u00ba 410, Bairro&nbsp;Cast\u00e1lia, na cidade e Diocese de Itabuna, no sul da Bahia, est\u00e1&nbsp;festejando o seu padroeiro entre os dias 18 a&nbsp; 27 de outubro. Os&nbsp;preparativos em homenagem e festa do santo tiveram in\u00edcio no&nbsp;<\/p>\n<p><a class=\"btn btn-style\" href=\"http:\/\/portalcatolico.net\/portal\/fieis-de-itabuna-celebram-sao-judas-tadeu-em-novenario\/\">Continue Reading<\/a><\/p>\n","protected":false},"author":2,"featured_media":60515,"comment_status":"open","ping_status":"open","sticky":false,"template":"","format":"standard","meta":{"footnotes":""},"categories":[1],"tags":[],"class_list":["post-60511","post","type-post","status-publish","format-standard","has-post-thumbnail","hentry","category-agenda"],"_links":{"self":[{"href":"http:\/\/portalcatolico.net\/portal\/wp-json\/wp\/v2\/posts\/60511","targetHints":{"allow":["GET"]}}],"collection":[{"href":"http:\/\/portalcatolico.net\/portal\/wp-json\/wp\/v2\/posts"}],"about":[{"href":"http:\/\/portalcatolico.net\/portal\/wp-json\/wp\/v2\/types\/post"}],"author":[{"embeddable":true,"href":"http:\/\/portalcatolico.net\/portal\/wp-json\/wp\/v2\/users\/2"}],"replies":[{"embeddable":true,"href":"http:\/\/portalcatolico.net\/portal\/wp-json\/wp\/v2\/comments?post=60511"}],"version-history":[{"count":3,"href":"http:\/\/portalcatolico.net\/portal\/wp-json\/wp\/v2\/posts\/60511\/revisions"}],"predecessor-version":[{"id":60514,"href":"http:\/\/portalcatolico.net\/portal\/wp-json\/wp\/v2\/posts\/60511\/revisions\/60514"}],"wp:featuredmedia":[{"embeddable":true,"href":"http:\/\/portalcatolico.net\/portal\/wp-json\/wp\/v2\/media\/60515"}],"wp:attachment":[{"href":"http:\/\/portalcatolico.net\/portal\/wp-json\/wp\/v2\/media?parent=60511"}],"wp:term":[{"taxonomy":"category","embeddable":true,"href":"http:\/\/portalcatolico.net\/portal\/wp-json\/wp\/v2\/categories?post=60511"},{"taxonomy":"post_tag","embeddable":true,"href":"http:\/\/portalcatolico.net\/portal\/wp-json\/wp\/v2\/tags?post=60511"}],"curies":[{"name":"wp","href":"https:\/\/api.w.org\/{rel}","templated":true}]}}