{"id":60507,"date":"2018-10-19T21:14:29","date_gmt":"2018-10-20T00:14:29","guid":{"rendered":"http:\/\/portalcatolico.net\/portal\/?p=60507"},"modified":"2018-10-19T21:14:51","modified_gmt":"2018-10-20T00:14:51","slug":"papa-o-espirito-santo-e-o-fermento-dos-cristaos-para-a-redencao","status":"publish","type":"post","link":"http:\/\/portalcatolico.net\/portal\/papa-o-espirito-santo-e-o-fermento-dos-cristaos-para-a-redencao\/","title":{"rendered":"Papa: o Esp\u00edrito Santo \u00e9 o fermento dos crist\u00e3os para a reden\u00e7\u00e3o"},"content":{"rendered":"<div class=\"article__subTitle\">Na missa matutina na Casa Santa Marta, Francisco fala dos crist\u00e3os hip\u00f3critas, que n\u00e3o aceitam o fermento do Esp\u00edrito Santo, capaz de fazer crescer &#8220;para fora&#8221;.<\/div>\n<div>&nbsp;<\/div>\n<div class=\"title__separator\">Seguir em frente com o \u201cfermento do Esp\u00edrito Santo\u201d, que conduz \u00e0 heran\u00e7a que nos foi deixada pelo Senhor. Esta foi a exorta\u00e7\u00e3o do Papa Francisco na homilia da missa celebrada, esta sexta-feira (19\/10), na Casa Santa Marta.<\/div>\n<div class=\"article__text\">\n<p>Refletindo sobre o Evangelho de Lucas, da liturgia de hoje, o Pont\u00edfice enfatizou dois tipos de pessoas encontradas nesta passagem b\u00edblica que \u201ccrescem de formas diferentes\u201d, \u201copostas\u201d uma da outra.<\/p>\n<p><strong>Cristo n\u00e3o tolera hipocrisia<\/strong><\/p>\n<p>Jesus fala sobre o fermento \u201cque faz levedar\u201d, mas existe tamb\u00e9m o fermento \u201cruim\u201d que \u201cestraga\u201d, que faz crescer \u201cpara dentro\u201d, disse Francisco. \u00c9 o fermento dos fariseus, dos doutores da Lei daquele tempo, dos saduceus, ou seja, a hipocrisia. Trata-se de pessoas fechadas em si mesmas, que pensam em aparecer, em fazer de conta, em dar esmola e depois sair \u201cproclamado sobre os telhados\u201d a fim de que todos saibam. Essas pessoas se preocupam em \u201cproteger o que t\u00eam dentro, o seu ego\u00edsmo e sua seguran\u00e7a\u201d, frisou ainda o Papa.<\/p>\n<p>\u201cQuando existe alguma coisa que as coloca em dificuldade, como o homem agredido e deixado quase morto pelos ladr\u00f5es ou quando encontram um leproso, elas olham para o outro lado, seguindo suas leis interiores\u201d, disse ainda Francisco.<\/p>\n<p><i>Este fermento, disse Jesus, \u00e9 perigoso. Tomai cuidado. \u00c9 a hipocrisia. Jesus n\u00e3o tolera a hipocrisia: o querer se aparecer bem, com formas bonitas de educa\u00e7\u00e3o puras, mas com maus h\u00e1bitos por dentro. Jesus diz tamb\u00e9m: \u201cPor fora voc\u00eas s\u00e3o bonitos, como os sepulcros, mas por dentro h\u00e1 putrefa\u00e7\u00e3o e destrui\u00e7\u00e3o, existem escombros\u201d. Este fermento faz levedar para dentro: \u00e9 um fermento que faz crescer sem futuro, porque no ego\u00edsmo, no voltar-se para si mesmo, n\u00e3o h\u00e1 futuro. Outro tipo de pessoa \u00e9 aquela que vemos com outro fermento que \u00e9 o contr\u00e1rio: que faz levedar para fora, nos faz crescer como herdeiros, para termos uma heran\u00e7a.<\/i><\/p>\n<p><strong>A promessa de uma felicidade muito grande<\/strong><\/p>\n<p>Francisco recordou que na Carta aos Ef\u00e9sios, S\u00e3o Paulo explica que \u201cem Cristo fomos feitos tamb\u00e9m herdeiros, predestinados\u201d. A refer\u00eancia \u00e9 a pessoas projetadas \u201cpara fora\u201d.<\/p>\n<p><i>\u00c0s vezes erramos, mas \u00e9 poss\u00edvel corrigir; \u00e0s vezes caem, mas se levantam. \u00c1s vezes pecam, mas se arrependem. Mas sempre para fora, para aquela heran\u00e7a, porque foi prometida. E essas pessoas s\u00e3o pessoas alegres, porque lhes foi prometida uma felicidade muito grande: que ser\u00e3o gl\u00f3ria, louvor de Deus. E \u201co fermento \u2013 afirma Paulo \u2013 dessas pessoas \u00e9 o Espirito Santo\u201d, que nos impulsiona a ser louvor da sua gl\u00f3ria, da gl\u00f3ria de Deus.<\/i><\/p>\n<p><strong>Com a alegria no cora\u00e7\u00e3o<\/strong><\/p>\n<p>O \u201cselo do Esp\u00edrito Santo\u201d, que foi \u201cprometido\u201d, \u00e9 \u2013 evidenciou o Papa citando ainda o ap\u00f3stolo &#8211; \u201cpenhor da nossa heran\u00e7a\u201d, \u00e0 espera da \u201ccompleta reden\u00e7\u00e3o\u201d.<\/p>\n<p>Precisamente Jesus, destacou Francisco, nos quer \u201csempre em caminho com o fermento do Esp\u00edrito Santo que jamais faz crescer para dentro, como os doutores da Lei, como os hip\u00f3critas\u201d: o Esp\u00edrito Santo, de fato, \u201cimpulsiona para fora\u201d, \u201cpara o horizonte\u201d. Assim Jesus quer que \u201csejam os crist\u00e3os\u201d: mesmo \u201ccom dificuldades, com sofrimentos, com problemas, com quedas\u201d, sempre avante na esperan\u00e7a \u201cde encontrar a heran\u00e7a, porque tem o fermento que \u00e9 penhor, que \u00e9 o Esp\u00edrito Santo\u201d. Eis ent\u00e3o as duas pessoas citadas:<\/p>\n<p><i>Uma pessoa que, guiada pelo pr\u00f3prio ego\u00edsmo, cresce para dentro. Tem um fermento \u2013 o ego\u00edsmo \u2013 que a faz crescer para dentro, e somente se preocupa em aparecer bem, aparecer equilibrado, bem: que n\u00e3o se vejam os maus h\u00e1bitos que t\u00eam. S\u00e3o os hip\u00f3critas, e Jesus diz: \u201cTomai cuidado\u201d. Os outros s\u00e3o os crist\u00e3os: dever\u00edamos ser os crist\u00e3os, porque existem tamb\u00e9m os crist\u00e3os hip\u00f3critas, que n\u00e3o aceitam o fermento do Esp\u00edrito Santo. Por isso Jesus nos adverte: \u201cTomai cuidado com o fermento dos fariseus\u201d. O fermento dos crist\u00e3os \u00e9 o Esp\u00edrito Santo, que nos leva para fora, nos faz crescer, com todas as dificuldades do caminho, inclusive com todos os pecados, mas sempre com a esperan\u00e7a. O Esp\u00edrito Santo \u00e9 precisamente o penhor daquela esperan\u00e7a, daquele louvor, daquela alegria. No cora\u00e7\u00e3o, essas pessoas que t\u00eam o Esp\u00edrito Santo como fermento, s\u00e3o alegres, mesmo nos problemas e nas dificuldades. Os hip\u00f3critas esqueceram o que significa ser alegre.(Vatican News)<\/i><\/p>\n<\/div>\n","protected":false},"excerpt":{"rendered":"<p>Na missa matutina na Casa Santa Marta, Francisco fala dos crist\u00e3os hip\u00f3critas, que n\u00e3o aceitam o fermento do Esp\u00edrito Santo, capaz de fazer crescer &#8220;para fora&#8221;. &nbsp; Seguir em frente com o \u201cfermento do Esp\u00edrito Santo\u201d, que conduz \u00e0 heran\u00e7a que nos foi deixada pelo Senhor. Esta foi a exorta\u00e7\u00e3o do Papa Francisco na homilia&nbsp;<\/p>\n<p><a class=\"btn btn-style\" href=\"http:\/\/portalcatolico.net\/portal\/papa-o-espirito-santo-e-o-fermento-dos-cristaos-para-a-redencao\/\">Continue Reading<\/a><\/p>\n","protected":false},"author":2,"featured_media":60508,"comment_status":"open","ping_status":"open","sticky":false,"template":"","format":"standard","meta":{"footnotes":""},"categories":[5],"tags":[],"class_list":["post-60507","post","type-post","status-publish","format-standard","has-post-thumbnail","hentry","category-igreja_no_mundo"],"_links":{"self":[{"href":"http:\/\/portalcatolico.net\/portal\/wp-json\/wp\/v2\/posts\/60507","targetHints":{"allow":["GET"]}}],"collection":[{"href":"http:\/\/portalcatolico.net\/portal\/wp-json\/wp\/v2\/posts"}],"about":[{"href":"http:\/\/portalcatolico.net\/portal\/wp-json\/wp\/v2\/types\/post"}],"author":[{"embeddable":true,"href":"http:\/\/portalcatolico.net\/portal\/wp-json\/wp\/v2\/users\/2"}],"replies":[{"embeddable":true,"href":"http:\/\/portalcatolico.net\/portal\/wp-json\/wp\/v2\/comments?post=60507"}],"version-history":[{"count":2,"href":"http:\/\/portalcatolico.net\/portal\/wp-json\/wp\/v2\/posts\/60507\/revisions"}],"predecessor-version":[{"id":60510,"href":"http:\/\/portalcatolico.net\/portal\/wp-json\/wp\/v2\/posts\/60507\/revisions\/60510"}],"wp:featuredmedia":[{"embeddable":true,"href":"http:\/\/portalcatolico.net\/portal\/wp-json\/wp\/v2\/media\/60508"}],"wp:attachment":[{"href":"http:\/\/portalcatolico.net\/portal\/wp-json\/wp\/v2\/media?parent=60507"}],"wp:term":[{"taxonomy":"category","embeddable":true,"href":"http:\/\/portalcatolico.net\/portal\/wp-json\/wp\/v2\/categories?post=60507"},{"taxonomy":"post_tag","embeddable":true,"href":"http:\/\/portalcatolico.net\/portal\/wp-json\/wp\/v2\/tags?post=60507"}],"curies":[{"name":"wp","href":"https:\/\/api.w.org\/{rel}","templated":true}]}}