{"id":60435,"date":"2018-10-18T21:36:47","date_gmt":"2018-10-19T00:36:47","guid":{"rendered":"http:\/\/portalcatolico.net\/portal\/?p=60435"},"modified":"2018-10-18T22:27:40","modified_gmt":"2018-10-19T01:27:40","slug":"festejos-dos-40-anos-da-diocese-de-itabuna-comecaram-hoje-com-a-santa-missa-de-abertura","status":"publish","type":"post","link":"http:\/\/portalcatolico.net\/portal\/festejos-dos-40-anos-da-diocese-de-itabuna-comecaram-hoje-com-a-santa-missa-de-abertura\/","title":{"rendered":"Festejos dos 40 anos da Diocese de Itabuna come\u00e7aram hoje com a santa missa de abertura"},"content":{"rendered":"<p style=\"font-weight: 400;\"><img loading=\"lazy\" decoding=\"async\" class=\"size-medium wp-image-60437 alignleft\" src=\"http:\/\/portalcatolico.net\/portal\/wp-content\/uploads\/2018\/10\/IMG_0018-300x200.jpg\" alt=\"\" width=\"300\" height=\"200\" srcset=\"http:\/\/portalcatolico.net\/portal\/wp-content\/uploads\/2018\/10\/IMG_0018-300x200.jpg 300w, http:\/\/portalcatolico.net\/portal\/wp-content\/uploads\/2018\/10\/IMG_0018-768x512.jpg 768w, http:\/\/portalcatolico.net\/portal\/wp-content\/uploads\/2018\/10\/IMG_0018.jpg 1000w\" sizes=\"auto, (max-width: 300px) 100vw, 300px\" \/>A Diocese de Itabuna, no sul da Bahia,&nbsp; em novembro celebrar\u00e1&nbsp; o seu 40.\u00ba&nbsp;anivers\u00e1rio de funda\u00e7\u00e3o. As comemora\u00e7\u00f5es para viver este Ano Jubilar, come\u00e7aram nesta quinta-feira, com uma santa missa de abertura, que aconteceu \u00e0s 12h na Catedral de S\u00e3o Jos\u00e9 em Itabuna.<\/p>\n<p style=\"font-weight: 400;\">&nbsp;O momento celebrativo contou com as presen\u00e7as do Bispo Diocesano Dom Carlos Alberto dos Santos e todos os&nbsp;padres da diocese ,al\u00e9m de di\u00e1conos e seminaristas.<\/p>\n<p style=\"font-weight: 400;\">Ao presidir a missa, Dom Carlos ressaltou a hist\u00f3ria da Diocese: &#8220;A nossa Diocese foi criada no dia 7 de novembro de 1978. Nesta data, o nosso querido e amado Papa S\u00e3o Jo\u00e3o Paulo II, fazia desta cidade, a sede da nova diocese, saindo da Diocese de Ilh\u00e9us, para ser uma sede diocesana&#8221;, disse o Bispo.<br \/>\nPara celebrar os 40 anos, j\u00e1&nbsp; preparou uma programa\u00e7\u00e3o especial&nbsp;que marca a mem\u00f3ria, hist\u00f3ria e tamb\u00e9m, motiva os diocesanos e&nbsp;paroquianos&nbsp; a darem continuidade \u00e0 viv\u00eancia do testemunho de&nbsp; f\u00e9,&nbsp;miss\u00e3o e evangeliza\u00e7\u00e3o na Diocese de Itabuna.<\/p>\n<p style=\"font-weight: 400;\">Na oportunidade, alguns padres que fizeram e fazem hist\u00f3ria na Diocese, falaram sobre a emo\u00e7\u00e3o de fazer parte dessa comemora\u00e7\u00e3o jubilar. Um deles, foi o Padre Telmo, que disse: &#8220;Eu cheguei em 1984, com Dom Paulo sendo o terceiro bispo da nossa Diocese, e depois eu fui ordenado o primeiro padre desta igreja. A igreja estava na caminhada, engatinhando, e hoje a Igreja est\u00e1 a\u00ed, viva, presente na hist\u00f3ria&#8221;.<\/p>\n<p style=\"font-weight: 400;\">Ser\u00e3o v\u00e1rios momentos festivos, entre eles, vale destacar, que no dia 11 de novembro acontecer\u00e3o uma caminhada e uma missa solene. A caminhada ter\u00e1 concentra\u00e7\u00e3o no Jardim do \u00d3 e em seguida segue para o Est\u00e1dio Luiz Viana Filho, situado na Avenida Kennedy, no bairro S\u00e3o&nbsp;Caetano. Segundo a organiza\u00e7\u00e3o, \u00e9 poss\u00edvel que, em m\u00e9dia, cinco&nbsp; a dez&nbsp;mil fi\u00e9is das 33 par\u00f3quias, pertencentes \u00e0 Diocese aniversariante, estejam presentes, al\u00e9m de padres, di\u00e1conos, seminaristas,&nbsp;bispos, entre outros religiosos e religiosas.<\/p>\n<p><strong>Confira abaixo, a programa\u00e7\u00e3o completa do m\u00eas de novembro:<\/strong><\/p>\n<p style=\"font-weight: 400;\">Dia 03: Vig\u00edlia de ora\u00e7\u00e3o nas par\u00f3quias da Forania Centro e abertura&nbsp; das comemora\u00e7\u00f5es na Forania Sul em Canavieira com show&nbsp;da Banda Colo de Deus.<\/p>\n<p style=\"font-weight: 400;\">Dia 04: missa de envios nas par\u00f3quias.<br \/>\nDia 6 a 9 :nas par\u00f3quias da Fornias Norte e Sul- encerramento com&nbsp;momento forte a n\u00edvel paroquial.<br \/>\nDia 10: na Forania Centro- &nbsp;tr\u00eas&nbsp; tendas para a juventude,&nbsp;casais e crian\u00e7as.<br \/>\nDia 11: missa de encerramento com todas as par\u00f3quias, ao&nbsp;meio-dia; queimas de fogos e repicar dos sinos em suas par\u00f3quias. &nbsp;\u00c1s&nbsp;15h,a concentra\u00e7\u00e3o acontecer\u00e1 no Jardim do \u00d3 e todos os fieis cat\u00f3licos&nbsp;&nbsp;ir\u00e3o&nbsp; caminhar at\u00e9 o Est\u00e1dio Luiz Viana Filho para&nbsp; a missa de&nbsp;encerramento dos 40 anos da Diocese.<\/p>\n<p><strong>Hist\u00f3ria da Diocese<\/strong><br \/>\nA Diocese de Itabuna foi criada pela bula pontif\u00edcia Dei Concilio do&nbsp;Santo Padre S\u00e3o Jo\u00e3o Paulo II em 7 de novembro de 1978 e foi instalada&nbsp;em 16 de fevereiro de 1975, desmembrada&nbsp; da Diocese de Ilh\u00e9us no litoral&nbsp;sul da Bahia. A Diocese de Itabuna conta com 33 par\u00f3quias distribu\u00eddas&nbsp;em 19 munic\u00edpios no sul baiano, sendo 14 par\u00f3quias em Itabuna&nbsp; e 19&nbsp;em outras cidades.&nbsp; Atualmente, est\u00e3o ativos 21 padres do Clero diocesano, 9&nbsp;di\u00e1conos permanentes, 11 Seminaristas.&nbsp;E&nbsp;quatro&nbsp; ordens religiosas que s\u00e3o: Passionista,Palotino, Ordem dos&nbsp;Frades Minores Capuchinhos e Frades Servitanos do Instituto Servo do&nbsp;Senhor. A Diocese de Itabuna tem como padroeiro, S\u00e3o Jos\u00e9. Bispos que passaram pela Diocese:<br \/>\n1\u00aa Dom Homero Leite Meira de 1978 a 1980<br \/>\n2\u00aa Dom Eliseu Maria Gomes de Oliveira (Ordem dos&nbsp; Carmelitas) de 1980 a&nbsp;1983<br \/>\n3\u00aa Dom Paulo&nbsp; Lopes de Farias de 1983 a 1985<br \/>\n4\u00aa&nbsp; Dom Ceslau Stanula, CSsR de 1997 a 2017 (Bispo em\u00e9rito)<br \/>\n5\u00aa Atual Bispo \u00e9 Dom Carlos Alberto dos Santos desde 2017 (a posse&nbsp; aconteceu em 7 de abril).<\/p>\n<p>\u00c1lbuns de fotos.<a href=\"http:\/\/portalcatolico.net\/portal\/60440-2\/\"><strong>Clique aqui<\/strong><\/a> e confira.<\/p>\n","protected":false},"excerpt":{"rendered":"<p>A Diocese de Itabuna, no sul da Bahia,&nbsp; em novembro celebrar\u00e1&nbsp; o seu 40.\u00ba&nbsp;anivers\u00e1rio de funda\u00e7\u00e3o. As comemora\u00e7\u00f5es para viver este Ano Jubilar, come\u00e7aram nesta quinta-feira, com uma santa missa de abertura, que aconteceu \u00e0s 12h na Catedral de S\u00e3o Jos\u00e9 em Itabuna. &nbsp;O momento celebrativo contou com as presen\u00e7as do Bispo Diocesano Dom Carlos&nbsp;<\/p>\n<p><a class=\"btn btn-style\" href=\"http:\/\/portalcatolico.net\/portal\/festejos-dos-40-anos-da-diocese-de-itabuna-comecaram-hoje-com-a-santa-missa-de-abertura\/\">Continue Reading<\/a><\/p>\n","protected":false},"author":2,"featured_media":60436,"comment_status":"open","ping_status":"open","sticky":false,"template":"","format":"standard","meta":{"footnotes":""},"categories":[65],"tags":[],"class_list":["post-60435","post","type-post","status-publish","format-standard","has-post-thumbnail","hentry","category-entrevistas"],"_links":{"self":[{"href":"http:\/\/portalcatolico.net\/portal\/wp-json\/wp\/v2\/posts\/60435","targetHints":{"allow":["GET"]}}],"collection":[{"href":"http:\/\/portalcatolico.net\/portal\/wp-json\/wp\/v2\/posts"}],"about":[{"href":"http:\/\/portalcatolico.net\/portal\/wp-json\/wp\/v2\/types\/post"}],"author":[{"embeddable":true,"href":"http:\/\/portalcatolico.net\/portal\/wp-json\/wp\/v2\/users\/2"}],"replies":[{"embeddable":true,"href":"http:\/\/portalcatolico.net\/portal\/wp-json\/wp\/v2\/comments?post=60435"}],"version-history":[{"count":3,"href":"http:\/\/portalcatolico.net\/portal\/wp-json\/wp\/v2\/posts\/60435\/revisions"}],"predecessor-version":[{"id":60496,"href":"http:\/\/portalcatolico.net\/portal\/wp-json\/wp\/v2\/posts\/60435\/revisions\/60496"}],"wp:featuredmedia":[{"embeddable":true,"href":"http:\/\/portalcatolico.net\/portal\/wp-json\/wp\/v2\/media\/60436"}],"wp:attachment":[{"href":"http:\/\/portalcatolico.net\/portal\/wp-json\/wp\/v2\/media?parent=60435"}],"wp:term":[{"taxonomy":"category","embeddable":true,"href":"http:\/\/portalcatolico.net\/portal\/wp-json\/wp\/v2\/categories?post=60435"},{"taxonomy":"post_tag","embeddable":true,"href":"http:\/\/portalcatolico.net\/portal\/wp-json\/wp\/v2\/tags?post=60435"}],"curies":[{"name":"wp","href":"https:\/\/api.w.org\/{rel}","templated":true}]}}