{"id":60430,"date":"2018-10-22T00:29:22","date_gmt":"2018-10-22T03:29:22","guid":{"rendered":"http:\/\/portalcatolico.net\/portal\/?p=60430"},"modified":"2018-10-20T07:42:55","modified_gmt":"2018-10-20T10:42:55","slug":"dnj-refletira-sobre-cultura-de-paz-no-rio","status":"publish","type":"post","link":"http:\/\/portalcatolico.net\/portal\/dnj-refletira-sobre-cultura-de-paz-no-rio\/","title":{"rendered":"DNJ refletir\u00e1 sobre cultura de paz no Rio"},"content":{"rendered":"<div>\n<p>Diante da onda de viol\u00eancia que atinge todo o pa\u00eds e, de maneira especial, a cidade carioca, o Dia Nacional da Juventude (DNJ) vai refletir sobre o tema \u201cJuventude construindo uma cultura de paz\u201d.<\/p>\n<\/div>\n<div>\n<p>O evento acontecer\u00e1 no Centro Cultural Social e Pastoral (CCSP) Cardeal Orani Tempesta, pertencente \u00e0 Par\u00f3quia Nossa Senhora da Apresenta\u00e7\u00e3o, em Iraj\u00e1, no dia 27 de outubro, das 9h \u00e0s 16h. Est\u00e3o confirmadas as presen\u00e7as do arcebispo do Rio, Cardeal Orani Jo\u00e3o Tempesta, e do bispo auxiliar e animador da juventude, Dom Paulo Alves Rom\u00e3o.<\/p>\n<\/div>\n<div>\n<p>De acordo com o assistente eclesi\u00e1stico do Setor Juventude, padre Jorge Carreira, a miss\u00e3o do evento \u00e9 espalhar a cultura da paz pela cidade. \u201cO tema \u00e9 prop\u00edcio para esse tempo de viol\u00eancia que vivemos em nossa cidade e em nosso pa\u00eds, onde pessoas t\u00eam sido assaltadas, sequestradas e torturadas. Somos contra a cultura da morte, que tem levado muitos jovens a tirarem a pr\u00f3pria vida. Por isso, queremos ser construtores da paz\u201d, pontuou.<\/p>\n<\/div>\n<div>O assessor destacou ainda que, neste ano, al\u00e9m de unir toda a juventude carioca no evento, haver\u00e1 tamb\u00e9m a participa\u00e7\u00e3o de todos aqueles, independente da idade, que receberam o Sacramento do Crisma \u2013&nbsp; um&nbsp; dos sacramentos da Inicia\u00e7\u00e3o Crist\u00e3 que confirma os fi\u00e9is na f\u00e9 cat\u00f3lica, momento no qual os crismados recebem a for\u00e7a do Esp\u00edrito Santo para serem testemunhas vidas de Cristo.<\/div>\n<div>\n<p>Tema e lema<\/p>\n<\/div>\n<div>\n<p>O Dia Nacional da Juventude (DNJ) 2018 tem como tema: \u201cJuventude Construindo uma Cultura de Paz\u201d, e o lema: \u201cDisse estas coisas para que em mim voc\u00eas tenham paz. Neste mundo voc\u00eas ter\u00e3o afli\u00e7\u00f5es, contudo, tenham coragem, Eu venci o mundo\u201d (Jo 16,33). O tema e o lema est\u00e3o em conson\u00e2ncia com os da Campanha da Fraternidade 2018, respectivamente, \u201cFraternidade e supera\u00e7\u00e3o da viol\u00eancia\u201d, e \u201cV\u00f3s sois todos irm\u00e3os\u201d (Mt 23,8).<\/p>\n<\/div>\n<div>\n<p><strong>S\u00ednodo dos Jovens<\/strong><\/p>\n<\/div>\n<div>\n<p>Em 2018, o DNJ conta com um sabor ainda mais especial para os jovens brasileiros porque no mesmo m\u00eas acontece em Roma a XV Assembleia Geral Ordin\u00e1ria do S\u00ednodo dos Bispos com o tema: \u201cOs jovens, a f\u00e9 e o discernimento vocacional\u201d. Na reuni\u00e3o pr\u00e9-sinodal, ocorrida no \u00faltimo m\u00eas de mar\u00e7o, abordou-se o documento escrito que ressalta que os jovens pedem uma Igreja aut\u00eantica, corajosa na hora de reconhecer os erros e enraizada no Evangelho.<\/p>\n<\/div>\n<div>\n<p><strong>Hist\u00f3ria do DNJ<\/strong><\/p>\n<\/div>\n<div>O Dia Nacional da Juventude surgiu em 1985, durante o Ano Internacional da Juventude, promovido pela Organiza\u00e7\u00e3o das Na\u00e7\u00f5es Unidas. Estava evidente que a juventude precisava mobilizar-se e construir espa\u00e7os de participa\u00e7\u00e3o, para pensar e repensar uma nova sociedade. Todos os anos organiza-se um dia de festa da juventude, sempre com um tema importante a ser debatido e trabalhado com grupos. O DNJ acontece em todo o pa\u00eds todos os anos no \u00faltimo domingo do m\u00eas de outubro, exceto nos anos eleitorais, quando a data \u00e9 alterada, como neste ano.<\/div>\n<p>Por: Carlos Moioli&nbsp; e Priscila Xavier<\/p>\n<p>Fonte:Arquidiocese do Rio de Janeiro<\/p>\n","protected":false},"excerpt":{"rendered":"<p>Diante da onda de viol\u00eancia que atinge todo o pa\u00eds e, de maneira especial, a cidade carioca, o Dia Nacional da Juventude (DNJ) vai refletir sobre o tema \u201cJuventude construindo uma cultura de paz\u201d. O evento acontecer\u00e1 no Centro Cultural Social e Pastoral (CCSP) Cardeal Orani Tempesta, pertencente \u00e0 Par\u00f3quia Nossa Senhora da Apresenta\u00e7\u00e3o, em&nbsp;<\/p>\n<p><a class=\"btn btn-style\" href=\"http:\/\/portalcatolico.net\/portal\/dnj-refletira-sobre-cultura-de-paz-no-rio\/\">Continue Reading<\/a><\/p>\n","protected":false},"author":2,"featured_media":60431,"comment_status":"open","ping_status":"open","sticky":false,"template":"","format":"standard","meta":{"footnotes":""},"categories":[1],"tags":[],"class_list":["post-60430","post","type-post","status-publish","format-standard","has-post-thumbnail","hentry","category-agenda"],"_links":{"self":[{"href":"http:\/\/portalcatolico.net\/portal\/wp-json\/wp\/v2\/posts\/60430","targetHints":{"allow":["GET"]}}],"collection":[{"href":"http:\/\/portalcatolico.net\/portal\/wp-json\/wp\/v2\/posts"}],"about":[{"href":"http:\/\/portalcatolico.net\/portal\/wp-json\/wp\/v2\/types\/post"}],"author":[{"embeddable":true,"href":"http:\/\/portalcatolico.net\/portal\/wp-json\/wp\/v2\/users\/2"}],"replies":[{"embeddable":true,"href":"http:\/\/portalcatolico.net\/portal\/wp-json\/wp\/v2\/comments?post=60430"}],"version-history":[{"count":3,"href":"http:\/\/portalcatolico.net\/portal\/wp-json\/wp\/v2\/posts\/60430\/revisions"}],"predecessor-version":[{"id":60434,"href":"http:\/\/portalcatolico.net\/portal\/wp-json\/wp\/v2\/posts\/60430\/revisions\/60434"}],"wp:featuredmedia":[{"embeddable":true,"href":"http:\/\/portalcatolico.net\/portal\/wp-json\/wp\/v2\/media\/60431"}],"wp:attachment":[{"href":"http:\/\/portalcatolico.net\/portal\/wp-json\/wp\/v2\/media?parent=60430"}],"wp:term":[{"taxonomy":"category","embeddable":true,"href":"http:\/\/portalcatolico.net\/portal\/wp-json\/wp\/v2\/categories?post=60430"},{"taxonomy":"post_tag","embeddable":true,"href":"http:\/\/portalcatolico.net\/portal\/wp-json\/wp\/v2\/tags?post=60430"}],"curies":[{"name":"wp","href":"https:\/\/api.w.org\/{rel}","templated":true}]}}