{"id":60427,"date":"2018-10-18T19:17:10","date_gmt":"2018-10-18T22:17:10","guid":{"rendered":"http:\/\/portalcatolico.net\/portal\/?p=60427"},"modified":"2018-10-18T19:18:03","modified_gmt":"2018-10-18T22:18:03","slug":"crisjovem-celebracao-do-dia-nacional-da-juventude-acontece-neste-domingo-21-em-camacari","status":"publish","type":"post","link":"http:\/\/portalcatolico.net\/portal\/crisjovem-celebracao-do-dia-nacional-da-juventude-acontece-neste-domingo-21-em-camacari\/","title":{"rendered":"Crisjovem : Celebra\u00e7\u00e3o do Dia Nacional da Juventude acontece neste domingo (21) em Cama\u00e7ari"},"content":{"rendered":"<p>Neste domingo (21) Cama\u00e7ari receber\u00e1 uma das maiores atividades cat\u00f3licas voltada para juventude da Regi\u00e3o Metropolitana, o Crisjovem. O evento promovido pelo Setor da Juventude da Diocese de Cama\u00e7ari tem por objetivo evangelizar e celebrar o Dia Nacional da Juventude.<\/p>\n<p>O Crisjovem, que est\u00e1 na 8\u00aa edi\u00e7\u00e3o, acontece a partir das 8h, no Clube Social de Cama\u00e7ari. O tema desse ano \u00e9 o mesmo da Jornada Mundial da Juventude (JMJ) &#8211; Panam\u00e1 2019, \u201cEis aqui a serva do Senhor. Fa\u00e7a-se em mim segundo a tua palavra\u201d (Lc 1,38). Os jovens que ainda n\u00e3o se inscreveram, podem realizar a inscri\u00e7\u00e3o no local, o valor \u00e9 R$ 15.<\/p>\n<p>A programa\u00e7\u00e3o do evento \u00e9 bastante diversificada e inclui atividades culturais, Santa Missa, Adora\u00e7\u00e3o ao Sant\u00edssimo Sacramento, prega\u00e7\u00e3o, louvor, confiss\u00e3o e um arrast\u00e3o com banda cat\u00f3lica pelas ruas da cidade. Na edi\u00e7\u00e3o anterior, realizada em S\u00e3o Francisco do Conde, o evento reuniu mais de 2 mil jovens, das oito cidades que integram a Diocese de Cama\u00e7ari, que inclui os munic\u00edpios de Sim\u00f5es Filho, Candeias, Dias D&#8217;avila, Madre de Deus, Cama\u00e7ari, Terra Nova, S\u00e3o Sebasti\u00e3o do Pass\u00e9 e S\u00e3o Francisco do Conde.<\/p>\n<p>E a expectativa para esse ano \u00e9 grande por parte da juventude, como ressalta a jovem Ana Clara Lelis, 17 anos, da Par\u00f3quia Catedral S\u00e3o Thomaz de Cantu\u00e1ria, em Cama\u00e7ari.. \u201cEsse ser\u00e1 o meu terceiro Crisjovem e neste ano espero refor\u00e7ar a minha f\u00e9, louvando e agradecendo por ser parte de uma gera\u00e7\u00e3o voltada para Cristo.\u201d, conta Ana Clara.<\/p>\n<p><strong>Por Kivia Matos &#8211; Pastoral da Comunica\u00e7\u00e3o\/Diocese de Cama\u00e7ari(BA)<\/strong><\/p>\n<p><em>&nbsp;<\/em><\/p>\n","protected":false},"excerpt":{"rendered":"<p>Neste domingo (21) Cama\u00e7ari receber\u00e1 uma das maiores atividades cat\u00f3licas voltada para juventude da Regi\u00e3o Metropolitana, o Crisjovem. O evento promovido pelo Setor da Juventude da Diocese de Cama\u00e7ari tem por objetivo evangelizar e celebrar o Dia Nacional da Juventude. O Crisjovem, que est\u00e1 na 8\u00aa edi\u00e7\u00e3o, acontece a partir das 8h, no Clube Social&nbsp;<\/p>\n<p><a class=\"btn btn-style\" href=\"http:\/\/portalcatolico.net\/portal\/crisjovem-celebracao-do-dia-nacional-da-juventude-acontece-neste-domingo-21-em-camacari\/\">Continue Reading<\/a><\/p>\n","protected":false},"author":2,"featured_media":60428,"comment_status":"open","ping_status":"open","sticky":false,"template":"","format":"standard","meta":{"footnotes":""},"categories":[1],"tags":[],"class_list":["post-60427","post","type-post","status-publish","format-standard","has-post-thumbnail","hentry","category-agenda"],"_links":{"self":[{"href":"http:\/\/portalcatolico.net\/portal\/wp-json\/wp\/v2\/posts\/60427","targetHints":{"allow":["GET"]}}],"collection":[{"href":"http:\/\/portalcatolico.net\/portal\/wp-json\/wp\/v2\/posts"}],"about":[{"href":"http:\/\/portalcatolico.net\/portal\/wp-json\/wp\/v2\/types\/post"}],"author":[{"embeddable":true,"href":"http:\/\/portalcatolico.net\/portal\/wp-json\/wp\/v2\/users\/2"}],"replies":[{"embeddable":true,"href":"http:\/\/portalcatolico.net\/portal\/wp-json\/wp\/v2\/comments?post=60427"}],"version-history":[{"count":1,"href":"http:\/\/portalcatolico.net\/portal\/wp-json\/wp\/v2\/posts\/60427\/revisions"}],"predecessor-version":[{"id":60429,"href":"http:\/\/portalcatolico.net\/portal\/wp-json\/wp\/v2\/posts\/60427\/revisions\/60429"}],"wp:featuredmedia":[{"embeddable":true,"href":"http:\/\/portalcatolico.net\/portal\/wp-json\/wp\/v2\/media\/60428"}],"wp:attachment":[{"href":"http:\/\/portalcatolico.net\/portal\/wp-json\/wp\/v2\/media?parent=60427"}],"wp:term":[{"taxonomy":"category","embeddable":true,"href":"http:\/\/portalcatolico.net\/portal\/wp-json\/wp\/v2\/categories?post=60427"},{"taxonomy":"post_tag","embeddable":true,"href":"http:\/\/portalcatolico.net\/portal\/wp-json\/wp\/v2\/tags?post=60427"}],"curies":[{"name":"wp","href":"https:\/\/api.w.org\/{rel}","templated":true}]}}