{"id":60415,"date":"2018-10-18T00:04:56","date_gmt":"2018-10-18T03:04:56","guid":{"rendered":"http:\/\/portalcatolico.net\/portal\/?p=60415"},"modified":"2018-10-18T08:32:41","modified_gmt":"2018-10-18T11:32:41","slug":"continuam-os-festejos-do-jubileu-de-ouro-de-paroquia-em-coaraci","status":"publish","type":"post","link":"http:\/\/portalcatolico.net\/portal\/continuam-os-festejos-do-jubileu-de-ouro-de-paroquia-em-coaraci\/","title":{"rendered":"Continuam os festejos do Jubileu de Ouro de par\u00f3quia em Coaraci"},"content":{"rendered":"<p style=\"font-weight: 400;\">A Par\u00f3quia Nossa Senhora de Lourdes de Coaraci (BA) pertencente \u00e0&nbsp;Diocese de Ilh\u00e9us, come\u00e7ou a festejar o Jubileu de Ouro, no dia 22 de&nbsp;outubro de 2017,com uma santa missa de abertura com a presid\u00eancia do&nbsp;bispo diocesano Dom Mauro Montagnoli. Por ser uma par\u00f3quia jubilar,&nbsp; v\u00e1rios eventos diocesanos foram realizados na cidade, como: a vinda da&nbsp;Imagem peregrina de Bom Jesus da Lapa; a&nbsp; 14\u00aa edi\u00e7\u00e3o&nbsp; da&nbsp; Romaria da&nbsp;Terra e das \u00c1guas; o Dia Nacional da Juventude (DNJ); Show com a&nbsp;mission\u00e1ria Ana Paula; entre outros&nbsp; eventos religiosos em comemora\u00e7\u00e3o aos&nbsp;50 anos da par\u00f3quia.<\/p>\n<p style=\"font-weight: 400;\">Nesta quarta noite, o subtema &nbsp;foi :&#8221; Eucaristia, Sacramento do Reino&#8221; que foi refletido pelo convidado especial, o Pe. Nilton Concei\u00e7\u00e3o (p\u00e1roco&nbsp;da Par\u00f3quia Nossa Senhora do Perp\u00e9tuo&nbsp; Socorro da cidade de Almadina&nbsp;(BA).<br \/>\nA celebra\u00e7\u00e3o Eucar\u00edstica&nbsp; foi presidida pelo p\u00e1roco da Igreja matriz&nbsp;de Nossa Senhora de Lourdes, o&nbsp; Pe. Edinilson Vivas Batista, e&nbsp;concelebrada pelo Pe. Nilton Concei\u00e7\u00e3o, Pe. Davi da Diocese de Amargosa&nbsp;(e filho da cidade de Coaraci ), al\u00e9m &nbsp;do di\u00e1cono permanente da diocese de&nbsp;Ilh\u00e9us,&nbsp; Erivaldo Ara\u00fajo Arataca e o di\u00e1cono Transit\u00f3rio Nilson Roberto.<\/p>\n<p style=\"font-weight: 400;\">Na homilia, padre Nilton disse: &#8220;(&#8230;) A hist\u00f3ria vai se construindo cap\u00edtulos por cap\u00edtulos, se eternizando, gra\u00e7as a este alimento salutar que \u00e9 a Eucaristia&#8221;.<br \/>\nA Semana Jubilar Eucar\u00edstica continua at\u00e9 domingo, 21.<\/p>\n<p style=\"font-weight: 400;\">&nbsp; &nbsp; &nbsp; &nbsp; &nbsp; &nbsp; &nbsp; &nbsp; &nbsp; &nbsp; &nbsp; &nbsp; &nbsp; &nbsp; &nbsp; &nbsp; &nbsp; &nbsp; &nbsp; &nbsp; &nbsp; &nbsp; &nbsp; &nbsp; &nbsp; &nbsp; &nbsp; &nbsp; &nbsp; &nbsp; &nbsp; &nbsp; &nbsp; &nbsp; &nbsp; &nbsp; &nbsp; &nbsp; Confira a programa\u00e7\u00e3o:<\/p>\n<p><strong>Dia 18\/10 Quinta-feira-19h<\/strong><br \/>\nSubtema: &#8221; A eucaristia faz a Igreja Sacramenta do Crisma&#8221;.<br \/>\nHomenageados: As&nbsp; Maria de Lourdes ou Mulheres que tenha o nome de&nbsp;Lourdes e padres filhos da par\u00f3quia.<br \/>\nConvidados: Prefeitura Municipal de Coaraci, C\u00e2mara de Vereadores da&nbsp;cidade, Ma\u00e7onaria, F\u00f3rum, Seguran\u00e7a, Centros Educacionais, Com\u00e9rcio em&nbsp;geral e desportistas.<\/p>\n<p><strong>Dia 19\/10-Sexta-feira-19h<\/strong><br \/>\nSubtema:&#8221;Eucaristia e Sacramento&nbsp; da solidariedade Crist\u00e3&#8221;.<br \/>\nPar\u00f3quia convidada: Par\u00f3quia do Sagrado Cora\u00e7\u00e3o de Jesus da cidade de&nbsp;Itaju\u00edpe&nbsp;Participa\u00e7\u00e3o: Legi\u00e3o de Maria, Ter\u00e7o dos Homens e das Mulheres e&nbsp;Congrega\u00e7\u00e3o Mariana.<\/p>\n<p><strong>Dia 20\/10-s\u00e1bado-19h<\/strong><br \/>\nSubtema: &#8220;A P\u00e1scoa&nbsp; de Cristo Alimento a Esperan\u00e7a da Igreja&#8221;.<br \/>\nDedicada aos religiosos e&nbsp; religiosas homenageadas: As Irm\u00e3s da&nbsp;Congrega\u00e7\u00e3o Mission\u00e1rias do Sant\u00edssimo Sacramento e Maria Imaculada que&nbsp;serviram na par\u00f3quia&nbsp;Homenagem P\u00f3stuma: Aos religiosos que serviram na comunidade antes da&nbsp;cria\u00e7\u00e3o&nbsp; da par\u00f3quia.<br \/>\nParticipa\u00e7\u00e3o: Comunidade Urbana e Pastoral da juventude.<\/p>\n<p><strong>Dia 21\/10-Domingo-18h<\/strong><br \/>\nEncerramento<br \/>\nSubtema: &#8220;A igreja aceita o convite do mestre: Fazei isto em mem\u00f3ria de&nbsp;<br \/>\nmim&#8221;.<br \/>\nHomenagem: A todo comunidade paroquial Jubilar<br \/>\n-Prociss\u00e3o Eucar\u00edstica<br \/>\n-Encerramento com a b\u00ean\u00e7\u00e3o do Sant\u00edssimo Sacramento<\/p>\n<p style=\"font-weight: 400;\"><strong>Conhe\u00e7a um pouco sobre a hist\u00f3ria da Paroquia Jubilar e como ela foi&nbsp;criada em 1968<\/strong><\/p>\n<p>No dia 03 de Abril de 1925, na primeira sexta-feira do m\u00eas, foi benta a&nbsp;pedra fundamental de constru\u00e7\u00e3o da Igreja Matriz do Sagrado Cora\u00e7\u00e3o de&nbsp;Jesus do munic\u00edpio de Itaju\u00edpe. A par\u00f3quia Nossa Senhora de Lourdes&nbsp; foi desmembrada&nbsp;da par\u00f3quia de Itaju\u00edpe&nbsp; em 1968, na cidade de Coaraci, no munic\u00edpio do&nbsp;sul da Bahia, que comp\u00f5e a Diocese de Ilh\u00e9us e tem como pastor, o Bispo&nbsp;Diocesano, Dom Mauro Montagnoli. A par\u00f3quia tem dez&nbsp; capelas&nbsp; que&nbsp; s\u00e3o: A comunidade Santa Helena (distrito da Ruinha dos tr\u00eas Bra\u00e7os),&nbsp;Comunidade de S\u00e3o Roque,(distrito do Garganta),Nossa Senhora Aparecida&nbsp;&nbsp;que situa-se no bairro Maria Gabriela, e S\u00e3o Jos\u00e9 da \u00c1gua Divina (Zona Rural),Santa Rita de C\u00e1ssia,S\u00e3o Francisco,S\u00e3o Roque entre outras.(S\u00e3o quatro na zona rural e seis na zona urbana).<br \/>\nDuas par\u00f3quias foram criadas da Par\u00f3quia de Nossa Senhora de&nbsp;Lourdes (Igreja m\u00e3e),que s\u00e3o elas: A Par\u00f3quia&nbsp; Nossa Senhora do Perp\u00e9tuo&nbsp;Socorro, na cidade de Almadina ,foi criada em 1994 e a Par\u00f3quia&nbsp;Nossa Senhora do Ros\u00e1rio,&nbsp; situada na cidade de Itapitanga, foi Criada em&nbsp;1983.&nbsp;&nbsp;<\/p>\n<p>Foto:Divulga\u00e7\u00e3o<\/p>\n<p>Texto:Portal Cat\u00f3lico.Net<\/p>\n<p>&nbsp;<\/p>\n","protected":false},"excerpt":{"rendered":"<p>A Par\u00f3quia Nossa Senhora de Lourdes de Coaraci (BA) pertencente \u00e0&nbsp;Diocese de Ilh\u00e9us, come\u00e7ou a festejar o Jubileu de Ouro, no dia 22 de&nbsp;outubro de 2017,com uma santa missa de abertura com a presid\u00eancia do&nbsp;bispo diocesano Dom Mauro Montagnoli. Por ser uma par\u00f3quia jubilar,&nbsp; v\u00e1rios eventos diocesanos foram realizados na cidade, como: a vinda da&nbsp;Imagem&nbsp;<\/p>\n<p><a class=\"btn btn-style\" href=\"http:\/\/portalcatolico.net\/portal\/continuam-os-festejos-do-jubileu-de-ouro-de-paroquia-em-coaraci\/\">Continue Reading<\/a><\/p>\n","protected":false},"author":2,"featured_media":60416,"comment_status":"open","ping_status":"open","sticky":false,"template":"","format":"standard","meta":{"footnotes":""},"categories":[68],"tags":[],"class_list":["post-60415","post","type-post","status-publish","format-standard","has-post-thumbnail","hentry","category-homilias"],"_links":{"self":[{"href":"http:\/\/portalcatolico.net\/portal\/wp-json\/wp\/v2\/posts\/60415","targetHints":{"allow":["GET"]}}],"collection":[{"href":"http:\/\/portalcatolico.net\/portal\/wp-json\/wp\/v2\/posts"}],"about":[{"href":"http:\/\/portalcatolico.net\/portal\/wp-json\/wp\/v2\/types\/post"}],"author":[{"embeddable":true,"href":"http:\/\/portalcatolico.net\/portal\/wp-json\/wp\/v2\/users\/2"}],"replies":[{"embeddable":true,"href":"http:\/\/portalcatolico.net\/portal\/wp-json\/wp\/v2\/comments?post=60415"}],"version-history":[{"count":8,"href":"http:\/\/portalcatolico.net\/portal\/wp-json\/wp\/v2\/posts\/60415\/revisions"}],"predecessor-version":[{"id":60424,"href":"http:\/\/portalcatolico.net\/portal\/wp-json\/wp\/v2\/posts\/60415\/revisions\/60424"}],"wp:featuredmedia":[{"embeddable":true,"href":"http:\/\/portalcatolico.net\/portal\/wp-json\/wp\/v2\/media\/60416"}],"wp:attachment":[{"href":"http:\/\/portalcatolico.net\/portal\/wp-json\/wp\/v2\/media?parent=60415"}],"wp:term":[{"taxonomy":"category","embeddable":true,"href":"http:\/\/portalcatolico.net\/portal\/wp-json\/wp\/v2\/categories?post=60415"},{"taxonomy":"post_tag","embeddable":true,"href":"http:\/\/portalcatolico.net\/portal\/wp-json\/wp\/v2\/tags?post=60415"}],"curies":[{"name":"wp","href":"https:\/\/api.w.org\/{rel}","templated":true}]}}