{"id":60412,"date":"2018-10-17T22:05:00","date_gmt":"2018-10-18T01:05:00","guid":{"rendered":"http:\/\/portalcatolico.net\/portal\/?p=60412"},"modified":"2018-10-17T22:05:00","modified_gmt":"2018-10-18T01:05:00","slug":"encontro-de-casais-com-cristo-em-encontro-no-canada","status":"publish","type":"post","link":"http:\/\/portalcatolico.net\/portal\/encontro-de-casais-com-cristo-em-encontro-no-canada\/","title":{"rendered":"ENCONTRO DE CASAIS COM CRISTO EM ENCONTRO NO CANAD\u00c1"},"content":{"rendered":"<p>Nos dias 14, 15 e 16 de setembro de 2018 nas depend\u00eancias do Centro Catequ\u00e9tico da Par\u00f3quia Miss\u00e3o Santa Cruz, 60 Rue Rachel O, Montr\u00e9al \u2013 CA aconteceu o Primeiro Encontro de Casais com Cristo \u2013 ECC de 1a. Etapa na Diocese de Montr\u00e9al\/Canad\u00e1, com o amadrinhamento da Secretaria Nacional\/Brasil. O Regional Sul 2 se fez presente com um casal e um sacerdote da Arquidiocese de Londrina.<\/p>\n<p>A equipe brasileira envolvida na implanta\u00e7\u00e3o contou com a presen\u00e7a do Diretor Espiritual, Pe. Luiz Laudino (Arquidiocese de Londrina) representando o Assistente Eclesi\u00e1stico Nacional Dom Benedito Gon\u00e7alves dos Santos, os Casais da Secretaria Nacional Ant\u00f4nio Bandeira e Cleide (Arquidocese de Bras\u00edlia); Eddie e Maria Luiza (Arquidiocese de Campo Grande) e os casais convidados por Dom Benedito: Marcos e Regina Honda (Arquidiocese de Londrina); Carlos e Andreia Vianna (Diocese de Bauru) e Acaiaba e Eliene Reis (Arquidiocese de Palmas).<\/p>\n<p>Para a manuten\u00e7\u00e3o e consolida\u00e7\u00e3o desta implanta\u00e7\u00e3o, foram designados o Diretor Espiritual Pe. Julien Masson e o Casal C\u00edcero e Simone, para ocupar a fun\u00e7\u00e3o de Diocesano, os quais ter\u00e3o liga\u00e7\u00e3o direta com a Secretaria Nacional\/Brasil. Representando o Assistente Eclesi\u00e1stico Nacional Dom Benedito, Pe. Laudino entregou ao Diretor Espiritual e ao Casal o Documento Nacional formalizando o aceite com o compromisso de zelar por suas diretrizes e organiza\u00e7\u00e3o estrutural com mandato at\u00e9 o final de 2021.<\/p>\n<p>O Encontro de Casais com Cristo \u2013 ECC \u2013 \u00e9 um servi\u00e7o da Igreja, em favor da evangeliza\u00e7\u00e3o das fam\u00edlias. Procura construir o Reino de Deus, aqui e agora, a partir da fam\u00edlia, da comunidade paroquial, mostrando pistas para que os casais se reencontrem com eles mesmos, com os filhos, com a comunidade e, principalmente, com Cristo. Para isto, busca compreender o que \u00e9 \u201cser Igreja hoje\u201d e de seu compromisso com a dignidade da pessoa humana e com a Justi\u00e7a Social.<\/p>\n<p>Por: Coordena\u00e7\u00e3o Regional do ECC<\/p>\n<p>Fonte:Regional Sul II da CNBB<\/p>\n","protected":false},"excerpt":{"rendered":"<p>Nos dias 14, 15 e 16 de setembro de 2018 nas depend\u00eancias do Centro Catequ\u00e9tico da Par\u00f3quia Miss\u00e3o Santa Cruz, 60 Rue Rachel O, Montr\u00e9al \u2013 CA aconteceu o Primeiro Encontro de Casais com Cristo \u2013 ECC de 1a. Etapa na Diocese de Montr\u00e9al\/Canad\u00e1, com o amadrinhamento da Secretaria Nacional\/Brasil. O Regional Sul 2 se&nbsp;<\/p>\n<p><a class=\"btn btn-style\" href=\"http:\/\/portalcatolico.net\/portal\/encontro-de-casais-com-cristo-em-encontro-no-canada\/\">Continue Reading<\/a><\/p>\n","protected":false},"author":2,"featured_media":60413,"comment_status":"open","ping_status":"open","sticky":false,"template":"","format":"standard","meta":{"footnotes":""},"categories":[4],"tags":[],"class_list":["post-60412","post","type-post","status-publish","format-standard","has-post-thumbnail","hentry","category-destaques"],"_links":{"self":[{"href":"http:\/\/portalcatolico.net\/portal\/wp-json\/wp\/v2\/posts\/60412","targetHints":{"allow":["GET"]}}],"collection":[{"href":"http:\/\/portalcatolico.net\/portal\/wp-json\/wp\/v2\/posts"}],"about":[{"href":"http:\/\/portalcatolico.net\/portal\/wp-json\/wp\/v2\/types\/post"}],"author":[{"embeddable":true,"href":"http:\/\/portalcatolico.net\/portal\/wp-json\/wp\/v2\/users\/2"}],"replies":[{"embeddable":true,"href":"http:\/\/portalcatolico.net\/portal\/wp-json\/wp\/v2\/comments?post=60412"}],"version-history":[{"count":1,"href":"http:\/\/portalcatolico.net\/portal\/wp-json\/wp\/v2\/posts\/60412\/revisions"}],"predecessor-version":[{"id":60414,"href":"http:\/\/portalcatolico.net\/portal\/wp-json\/wp\/v2\/posts\/60412\/revisions\/60414"}],"wp:featuredmedia":[{"embeddable":true,"href":"http:\/\/portalcatolico.net\/portal\/wp-json\/wp\/v2\/media\/60413"}],"wp:attachment":[{"href":"http:\/\/portalcatolico.net\/portal\/wp-json\/wp\/v2\/media?parent=60412"}],"wp:term":[{"taxonomy":"category","embeddable":true,"href":"http:\/\/portalcatolico.net\/portal\/wp-json\/wp\/v2\/categories?post=60412"},{"taxonomy":"post_tag","embeddable":true,"href":"http:\/\/portalcatolico.net\/portal\/wp-json\/wp\/v2\/tags?post=60412"}],"curies":[{"name":"wp","href":"https:\/\/api.w.org\/{rel}","templated":true}]}}