{"id":60409,"date":"2018-10-17T21:41:44","date_gmt":"2018-10-18T00:41:44","guid":{"rendered":"http:\/\/portalcatolico.net\/portal\/?p=60409"},"modified":"2018-10-17T21:41:44","modified_gmt":"2018-10-18T00:41:44","slug":"servidores-da-saude","status":"publish","type":"post","link":"http:\/\/portalcatolico.net\/portal\/servidores-da-saude\/","title":{"rendered":"SERVIDORES DA SA\u00daDE"},"content":{"rendered":"<p><strong>No dia 18 de outubro, dia do ap\u00f3stolo S\u00e3o Lucas, definido pelas p\u00e1ginas da B\u00edblia como o m\u00e9dico Lucas, comemora-se o Dia do M\u00e9dico. Com emo\u00e7\u00e3o e alegria, dor e esperan\u00e7a, em suas m\u00e3os, colocamos nossa vida. Para muitos, chegar perto de um profissional da medicina \u00e9 sentir dentro de si uma nova esperan\u00e7a.<\/strong><\/p>\n<p><strong>OS M\u00c9DICOS<\/strong>&nbsp;lutam, incansavelmente, para que possamos ter sa\u00fade. Eles formam um elo imprescind\u00edvel entre doentes, enfermeiros, familiares e todos que contribuem para que a qualidade de vida seja assegurada. O m\u00e9dico deve ser um defensor da vida, um servidor da sa\u00fade e um promotor da medicina preventiva.<\/p>\n<p><strong>\u201cO M\u00c9DICO,<\/strong>&nbsp;mais que reparador do corpo, precisa ser, especialmente nestes dias dif\u00edceis e angustiados em que vivemos, um ouvinte da alma alheia. Afinal, seu consult\u00f3rio, \u00e9 um confession\u00e1rio, onde se professam sonhos, amores, dores e sofrimentos. &nbsp;Onde sempre se conjuga a fragilidade e a esperan\u00e7a. Onde se desabafa e se busca a liberta\u00e7\u00e3o dos sil\u00eancios que oprimem\u201d (Dr. C\u00e9sar Oliveira).<\/p>\n<p><strong>O GRANDE&nbsp;<\/strong>pensador Sir\u00e1cidas falando sobre a miss\u00e3o do m\u00e9dico escreveu. \u201cA ci\u00eancia do m\u00e9dico o faz levantar a cabe\u00e7a. Deus criou rem\u00e9dios sa\u00eddos da terra e o homem ajuizado n\u00e3o os rejeita. Foi Ele quem deu aos homens a ci\u00eancia. Por ela, o m\u00e9dico trata e acalma a dor. Filho, na doen\u00e7a roga ao Senhor e Ele te curar\u00e1. Depois, d\u00e1 lugar ao m\u00e9dico. Chega o momento em que teu restabelecimento est\u00e1 em suas m\u00e3os\u201d.<\/p>\n<p>SER M\u00c8DICO \u00e9 mais do que um trabalho, \u00e9 um sacerd\u00f3cio, pois esse profissional da sa\u00fade cuida e trata da obra prima de Deus que \u00e9 o ser humano e procura imitar a Jesus que disse: \u201cEu vim para que todos tenham Vida e Vida em abund\u00e2ncia\u201d (Jo 10,10). Ficamos, por isso, aliviados e mais seguros quando encontramos no m\u00e9dico um pouco do rosto misericordioso de Jesus.<\/p>\n<p><strong>QUEREMOS<\/strong>&nbsp;agradecer ao nosso m\u00e9dico, o m\u00e9dico amigo, o m\u00e9dico da fam\u00edlia, da empresa e de nossas organiza\u00e7\u00f5es. Que Jesus, m\u00e9dico do corpo e da alma, proteja os m\u00e9dicos. Por isso, oremos:&nbsp;Senhor Jesus, iluminai os m\u00e9dicos &nbsp;para que possam atender com dedica\u00e7\u00e3o todos os doentes, colaborar com os colegas de profiss\u00e3o e promover a vida. Senhor Jesus, M\u00e9dico divino, torna os m\u00e9dicos sempre prontos na miss\u00e3o de &nbsp;prevenir enfermidades, aliviar os sofrimentos e prolongar a vida das pessoas.<\/p>\n<p>Foto:Divulga\u00e7\u00e3o<\/p>\n<p>Autor:Dom Itamar Vian\/Arcebispo Em\u00e9rito\/Arquidiocese de Feira de Santana<\/p>\n<p>Fonte: fecat\u00f3lica<\/p>\n","protected":false},"excerpt":{"rendered":"<p>No dia 18 de outubro, dia do ap\u00f3stolo S\u00e3o Lucas, definido pelas p\u00e1ginas da B\u00edblia como o m\u00e9dico Lucas, comemora-se o Dia do M\u00e9dico. Com emo\u00e7\u00e3o e alegria, dor e esperan\u00e7a, em suas m\u00e3os, colocamos nossa vida. Para muitos, chegar perto de um profissional da medicina \u00e9 sentir dentro de si uma nova esperan\u00e7a. OS&nbsp;<\/p>\n<p><a class=\"btn btn-style\" href=\"http:\/\/portalcatolico.net\/portal\/servidores-da-saude\/\">Continue Reading<\/a><\/p>\n","protected":false},"author":2,"featured_media":60410,"comment_status":"open","ping_status":"open","sticky":false,"template":"","format":"standard","meta":{"footnotes":""},"categories":[69],"tags":[],"class_list":["post-60409","post","type-post","status-publish","format-standard","has-post-thumbnail","hentry","category-artigos"],"_links":{"self":[{"href":"http:\/\/portalcatolico.net\/portal\/wp-json\/wp\/v2\/posts\/60409","targetHints":{"allow":["GET"]}}],"collection":[{"href":"http:\/\/portalcatolico.net\/portal\/wp-json\/wp\/v2\/posts"}],"about":[{"href":"http:\/\/portalcatolico.net\/portal\/wp-json\/wp\/v2\/types\/post"}],"author":[{"embeddable":true,"href":"http:\/\/portalcatolico.net\/portal\/wp-json\/wp\/v2\/users\/2"}],"replies":[{"embeddable":true,"href":"http:\/\/portalcatolico.net\/portal\/wp-json\/wp\/v2\/comments?post=60409"}],"version-history":[{"count":1,"href":"http:\/\/portalcatolico.net\/portal\/wp-json\/wp\/v2\/posts\/60409\/revisions"}],"predecessor-version":[{"id":60411,"href":"http:\/\/portalcatolico.net\/portal\/wp-json\/wp\/v2\/posts\/60409\/revisions\/60411"}],"wp:featuredmedia":[{"embeddable":true,"href":"http:\/\/portalcatolico.net\/portal\/wp-json\/wp\/v2\/media\/60410"}],"wp:attachment":[{"href":"http:\/\/portalcatolico.net\/portal\/wp-json\/wp\/v2\/media?parent=60409"}],"wp:term":[{"taxonomy":"category","embeddable":true,"href":"http:\/\/portalcatolico.net\/portal\/wp-json\/wp\/v2\/categories?post=60409"},{"taxonomy":"post_tag","embeddable":true,"href":"http:\/\/portalcatolico.net\/portal\/wp-json\/wp\/v2\/tags?post=60409"}],"curies":[{"name":"wp","href":"https:\/\/api.w.org\/{rel}","templated":true}]}}