{"id":60403,"date":"2018-10-17T14:00:25","date_gmt":"2018-10-17T17:00:25","guid":{"rendered":"http:\/\/portalcatolico.net\/portal\/?p=60403"},"modified":"2018-10-17T14:04:43","modified_gmt":"2018-10-17T17:04:43","slug":"falta-pouco-para-o-maior-evento-de-catequistas-do-pais-a-4a-semana-brasileira-de-catequese","status":"publish","type":"post","link":"http:\/\/portalcatolico.net\/portal\/falta-pouco-para-o-maior-evento-de-catequistas-do-pais-a-4a-semana-brasileira-de-catequese\/","title":{"rendered":"Falta pouco para o maior evento de catequistas do pa\u00eds: a 4\u00aa Semana Brasileira de Catequese"},"content":{"rendered":"<p>No contexto, sobretudo de novas disposi\u00e7\u00f5es pastorais, ser\u00e1 realizada, de 14 a 18 de novembro de 2018, em Itaici\/Indaiatuba (SP), a 4\u00aa Semana Brasileira de Catequese, a servi\u00e7o da Inicia\u00e7\u00e3o \u00e0 Vida Crist\u00e3 para a qual est\u00e3o sendo esperados aproximadamente 450 participantes. Organizada pela Comiss\u00e3o Episcopal Pastoral para a Anima\u00e7\u00e3o B\u00edblico-Catequ\u00e9tica e pela Comiss\u00e3o Episcopal Pastoral para a Liturgia, ambas da Confer\u00eancia Nacional dos Bispos do Brasil (CNBB), a 4\u00aa Semana trar\u00e1 como lema \u201cn\u00f3s ouvimos e sabemos que ele \u00e9 Salvador do mundo\u201d (Jo 4,42).<\/p>\n<div id=\"attachment_202263\" class=\"wp-caption alignleft\" style=\"width: 200px;\">\n<p><img loading=\"lazy\" decoding=\"async\" class=\"wp-image-202263 \" src=\"http:\/\/www.cnbb.org.br\/wp-content\/uploads\/sites\/32\/2018\/10\/Logo-300x298.png\" srcset=\"http:\/\/www.cnbb.org.br\/wp-content\/uploads\/sites\/32\/2018\/10\/Logo-300x298.png 300w, http:\/\/www.cnbb.org.br\/wp-content\/uploads\/sites\/32\/2018\/10\/Logo-150x150.png 150w, http:\/\/www.cnbb.org.br\/wp-content\/uploads\/sites\/32\/2018\/10\/Logo-768x762.png 768w, http:\/\/www.cnbb.org.br\/wp-content\/uploads\/sites\/32\/2018\/10\/Logo-1024x1016.png 1024w\" alt=\"\" width=\"200\" height=\"199\"><\/p>\n<p class=\"wp-caption-text\">Logo oficial do evento<\/p>\n<\/div>\n<p>O texto-base que norteia o evento \u00e9 o Documento 107 da CNBB:&nbsp;<em>Inicia\u00e7\u00e3o \u00e0 Vida Crist\u00e3 \u2013 Itiner\u00e1rio para formar disc\u00edpulos mission\u00e1rios<\/em>. Dele, do seu primeiro cap\u00edtulo, foi colhido o lema, como revelador da m\u00edstica a ser vivenciada pelos participantes. O arcebispo de Curitiba e presidente da Comiss\u00e3o para a Anima\u00e7\u00e3o B\u00edblico-Catequ\u00e9tica da CNBB, dom Jos\u00e9 Antonio Peruzzo explica que um dos objetivos gerais da 4\u00aa Semana \u00e9 compreender a catequese de inspira\u00e7\u00e3o catecumenal a servi\u00e7o da Inicia\u00e7\u00e3o \u00e0 Vida Crist\u00e3, buscando novos caminhos para a transmiss\u00e3o da f\u00e9, no contexto atual.<\/p>\n<p>Dentro da programa\u00e7\u00e3o da 4\u00aa Semana, foi pensado um cronograma a partir de aspectos importantes da tem\u00e1tica, como por exemplo: \u201cO an\u00fancio de Jesus e os novos interlocutores\u201d. \u201cOs novos s\u00e3o aqueles que ainda n\u00e3o conheceram Jesus Cristo e est\u00e3o se apresentando a procura dele. E n\u00f3s precisamos apresentar a pessoa de Jesus. \u00c9 como um pai que vai falar do seu time ao filho, ele n\u00e3o vai falar de teoria ou esquemas t\u00e1ticos, vai falar das vit\u00f3rias, das alegrias e das conquistas do seu time de futebol e a crian\u00e7a vai aderir pelo entusiasmo mediante o qual o pai se expressa. No caso dos interlocutores n\u00e3o s\u00f3 apresentar as ideias e os pensamentos de Jesus Cristo, mas apresentar a pessoa de Jesus Cristo\u201d, disse dom Peruzzo.<\/p>\n<div id=\"attachment_202266\" class=\"wp-caption alignright\" style=\"width: 190px;\">\n<p><img loading=\"lazy\" decoding=\"async\" class=\"wp-image-202266\" src=\"http:\/\/www.cnbb.org.br\/wp-content\/uploads\/sites\/32\/2018\/10\/subsidios2-300x266.jpg\" srcset=\"http:\/\/www.cnbb.org.br\/wp-content\/uploads\/sites\/32\/2018\/10\/subsidios2-300x266.jpg 300w, http:\/\/www.cnbb.org.br\/wp-content\/uploads\/sites\/32\/2018\/10\/subsidios2.jpg 394w\" alt=\"\" width=\"190\" height=\"169\"><\/p>\n<p class=\"wp-caption-text\">Subs\u00eddio para a 4\u00aa Semana Brasileira de Catequese<\/p>\n<\/div>\n<p>Outros temas tamb\u00e9m estar\u00e3o em evid\u00eancia no evento, dentre eles: a transmiss\u00e3o da f\u00e9 no contexto atual; o seguimento de Jesus e o sentido da vida; a liturgia como celebra\u00e7\u00e3o e inicia\u00e7\u00e3o ao mist\u00e9rio; a vida em comunidade que brota do encontro com Jesus; e as novas linguagens da era digital nos processos de transmiss\u00e3o da f\u00e9.&nbsp;Um momento muito especial na viv\u00eancia da 4\u00aa Semana Brasileira de Catequese ser\u00e1 a sess\u00e3o de homenagens que os participantes prestar\u00e3o a seis pessoas que doam a vida \u00e0 evangeliza\u00e7\u00e3o.<\/p>\n<p>Como forma de prepara\u00e7\u00e3o para a 4\u00aa Semana Brasileira de Catequese, a Comiss\u00e3o para a Anima\u00e7\u00e3o B\u00edblico-Catequ\u00e9tica preparou um subs\u00eddio, com cinco encontros, que antecipam as reflex\u00f5es gerais do evento em rodas de conversa orante que poder\u00e3o ser feitas nos grupos de catequistas, conselhos pastorais e pequenas comunidades. \u00c9 uma maneira de impulsionar a m\u00edstica \u00e0 Catequese e aos Catequistas de todo o Brasil. Ele pode ser adquirido no site da Editora da CNBB (<a href=\"https:\/\/www.edicoescnbb.com.br\/caminho-orante-para-a-4-semana-brasileira-de-catequese\">clique aqui!<\/a>).<\/p>\n<p>\u201cNa prece de gratid\u00e3o a Deus pelo dom da vida, voca\u00e7\u00e3o e miss\u00e3o de cada um desses nossos irm\u00e3os, manifestaremos nossa alegria por todos os Catequistas do Brasil que respondem com generosidade a Deus que chama a cada um para viver e transmitir a f\u00e9. Ser\u00e1 mais uma oportunidade para dizer que n\u00f3s ouvimos e sabemos que Ele (Jesus) \u00e9 o Salvador do mundo\u201d, finaliza padre Antonio Marcos Depizzoli, assessor da Comiss\u00e3o para a Anima\u00e7\u00e3o B\u00edblico-Catequ\u00e9tica da CNBB.<\/p>\n<p>Confira a programa\u00e7\u00e3o completa do evento no site da Comiss\u00e3o (<a href=\"http:\/\/www.catequesedobrasil.org.br\/noticia\/programacao-da-4-semana-brasileira-de-catequese\">acesse aqui!<\/a>).<\/p>\n<p>Informa\u00e7\u00f5es do site oficial da CNBB<\/p>\n","protected":false},"excerpt":{"rendered":"<p>No contexto, sobretudo de novas disposi\u00e7\u00f5es pastorais, ser\u00e1 realizada, de 14 a 18 de novembro de 2018, em Itaici\/Indaiatuba (SP), a 4\u00aa Semana Brasileira de Catequese, a servi\u00e7o da Inicia\u00e7\u00e3o \u00e0 Vida Crist\u00e3 para a qual est\u00e3o sendo esperados aproximadamente 450 participantes. Organizada pela Comiss\u00e3o Episcopal Pastoral para a Anima\u00e7\u00e3o B\u00edblico-Catequ\u00e9tica e pela Comiss\u00e3o Episcopal&nbsp;<\/p>\n<p><a class=\"btn btn-style\" href=\"http:\/\/portalcatolico.net\/portal\/falta-pouco-para-o-maior-evento-de-catequistas-do-pais-a-4a-semana-brasileira-de-catequese\/\">Continue Reading<\/a><\/p>\n","protected":false},"author":2,"featured_media":60404,"comment_status":"open","ping_status":"open","sticky":false,"template":"","format":"standard","meta":{"footnotes":""},"categories":[1],"tags":[],"class_list":["post-60403","post","type-post","status-publish","format-standard","has-post-thumbnail","hentry","category-agenda"],"_links":{"self":[{"href":"http:\/\/portalcatolico.net\/portal\/wp-json\/wp\/v2\/posts\/60403","targetHints":{"allow":["GET"]}}],"collection":[{"href":"http:\/\/portalcatolico.net\/portal\/wp-json\/wp\/v2\/posts"}],"about":[{"href":"http:\/\/portalcatolico.net\/portal\/wp-json\/wp\/v2\/types\/post"}],"author":[{"embeddable":true,"href":"http:\/\/portalcatolico.net\/portal\/wp-json\/wp\/v2\/users\/2"}],"replies":[{"embeddable":true,"href":"http:\/\/portalcatolico.net\/portal\/wp-json\/wp\/v2\/comments?post=60403"}],"version-history":[{"count":3,"href":"http:\/\/portalcatolico.net\/portal\/wp-json\/wp\/v2\/posts\/60403\/revisions"}],"predecessor-version":[{"id":60407,"href":"http:\/\/portalcatolico.net\/portal\/wp-json\/wp\/v2\/posts\/60403\/revisions\/60407"}],"wp:featuredmedia":[{"embeddable":true,"href":"http:\/\/portalcatolico.net\/portal\/wp-json\/wp\/v2\/media\/60404"}],"wp:attachment":[{"href":"http:\/\/portalcatolico.net\/portal\/wp-json\/wp\/v2\/media?parent=60403"}],"wp:term":[{"taxonomy":"category","embeddable":true,"href":"http:\/\/portalcatolico.net\/portal\/wp-json\/wp\/v2\/categories?post=60403"},{"taxonomy":"post_tag","embeddable":true,"href":"http:\/\/portalcatolico.net\/portal\/wp-json\/wp\/v2\/tags?post=60403"}],"curies":[{"name":"wp","href":"https:\/\/api.w.org\/{rel}","templated":true}]}}