{"id":60393,"date":"2018-10-17T06:14:45","date_gmt":"2018-10-17T09:14:45","guid":{"rendered":"http:\/\/portalcatolico.net\/portal\/?p=60393"},"modified":"2018-10-17T06:14:45","modified_gmt":"2018-10-17T09:14:45","slug":"assim-o-santuario-de-fatima-recordou-paulo-vi-no-dia-de-sua-canonizacao","status":"publish","type":"post","link":"http:\/\/portalcatolico.net\/portal\/assim-o-santuario-de-fatima-recordou-paulo-vi-no-dia-de-sua-canonizacao\/","title":{"rendered":"Assim o Santu\u00e1rio de F\u00e1tima recordou Paulo VI no dia de sua canoniza\u00e7\u00e3o"},"content":{"rendered":"<p>No domingo, 14 de outubro, o Santu\u00e1rio de F\u00e1tima fez mem\u00f3ria do primeiro Papa que o visitou, Paulo VI, por ocasi\u00e3o de sua canoniza\u00e7\u00e3o, celebrada pelo Papa Francisco no mesmo dia, no Vaticano.<\/p>\n<p>O Papa Paulo VI foi canonizado juntamente com Dom \u00d3scar Romero e outros cinco novos santos no dia 14 de outubro, na Pra\u00e7a de S\u00e3o Pedro.<\/p>\n<p>Na manh\u00e3 deste mesmo dia, o Papa Montini tamb\u00e9m era recordado durante a&nbsp;Missa&nbsp;dominical no Recinto de Ora\u00e7\u00e3o, em F\u00e1tima, presidida pelo reitor do santu\u00e1rio mariano, Pe. Carlos Cabecinhas. Na ocasi\u00e3o, foram utilizadas as alfaias lit\u00fargicas oferecidas por Paulo VI ao santu\u00e1rio.<\/p>\n<p>O Papa Paulo VI foi o primeiro Pont\u00edfice a visitar a F\u00e1tima, em maio de 1967, por ocasi\u00e3o do cinquenten\u00e1rio das apari\u00e7\u00f5es da&nbsp;Virgem Maria&nbsp;aos tr\u00eas pastorinhos na Cova da Iria. Nesta visita, o Santo Padre deixou um forte apelo \u00e0 constru\u00e7\u00e3o da paz.<\/p>\n<p>Al\u00e9m disso, no dia da sua partida para F\u00e1tima, 13 de maio de 1967, publicou a Exorta\u00e7\u00e3o Pastoral&nbsp;<em>Signum Magnum<\/em>&nbsp;sobre o culto da Virgem Maria, M\u00e3e da&nbsp;Igreja&nbsp;e modelo de virtudes, que se conclui com o pedido expl\u00edcito a todos os crist\u00e3os \u201ca renovar pessoalmente a sua pr\u00f3pria consagra\u00e7\u00e3o ao Cora\u00e7\u00e3o Imaculado da M\u00e3e da Igreja\u201d, aspecto central da mensagem de F\u00e1tima.<\/p>\n<p>Por ocasi\u00e3o desta viagem, o Pont\u00edfice ofereceu ao Santu\u00e1rio de F\u00e1tima um C\u00e1lice e um Cibo\u0301rio, os quais foram usados no \u00faltimo domingo, 14 de outubro, durante a Santa Missa que recordou o Pont\u00edfice, agora S\u00e3o Paulo VI.(ACI Digital)<\/p>\n<p>S\u00e3o Paulo VI em sua visita ao Santu\u00e1rio de F\u00e1tima, em 1967 \/ Foto: Santu\u00e1rio de F\u00e1tima<\/p>\n","protected":false},"excerpt":{"rendered":"<p>No domingo, 14 de outubro, o Santu\u00e1rio de F\u00e1tima fez mem\u00f3ria do primeiro Papa que o visitou, Paulo VI, por ocasi\u00e3o de sua canoniza\u00e7\u00e3o, celebrada pelo Papa Francisco no mesmo dia, no Vaticano. O Papa Paulo VI foi canonizado juntamente com Dom \u00d3scar Romero e outros cinco novos santos no dia 14 de outubro, na&nbsp;<\/p>\n<p><a class=\"btn btn-style\" href=\"http:\/\/portalcatolico.net\/portal\/assim-o-santuario-de-fatima-recordou-paulo-vi-no-dia-de-sua-canonizacao\/\">Continue Reading<\/a><\/p>\n","protected":false},"author":2,"featured_media":60394,"comment_status":"open","ping_status":"open","sticky":false,"template":"","format":"standard","meta":{"footnotes":""},"categories":[5],"tags":[],"class_list":["post-60393","post","type-post","status-publish","format-standard","has-post-thumbnail","hentry","category-igreja_no_mundo"],"_links":{"self":[{"href":"http:\/\/portalcatolico.net\/portal\/wp-json\/wp\/v2\/posts\/60393","targetHints":{"allow":["GET"]}}],"collection":[{"href":"http:\/\/portalcatolico.net\/portal\/wp-json\/wp\/v2\/posts"}],"about":[{"href":"http:\/\/portalcatolico.net\/portal\/wp-json\/wp\/v2\/types\/post"}],"author":[{"embeddable":true,"href":"http:\/\/portalcatolico.net\/portal\/wp-json\/wp\/v2\/users\/2"}],"replies":[{"embeddable":true,"href":"http:\/\/portalcatolico.net\/portal\/wp-json\/wp\/v2\/comments?post=60393"}],"version-history":[{"count":1,"href":"http:\/\/portalcatolico.net\/portal\/wp-json\/wp\/v2\/posts\/60393\/revisions"}],"predecessor-version":[{"id":60395,"href":"http:\/\/portalcatolico.net\/portal\/wp-json\/wp\/v2\/posts\/60393\/revisions\/60395"}],"wp:featuredmedia":[{"embeddable":true,"href":"http:\/\/portalcatolico.net\/portal\/wp-json\/wp\/v2\/media\/60394"}],"wp:attachment":[{"href":"http:\/\/portalcatolico.net\/portal\/wp-json\/wp\/v2\/media?parent=60393"}],"wp:term":[{"taxonomy":"category","embeddable":true,"href":"http:\/\/portalcatolico.net\/portal\/wp-json\/wp\/v2\/categories?post=60393"},{"taxonomy":"post_tag","embeddable":true,"href":"http:\/\/portalcatolico.net\/portal\/wp-json\/wp\/v2\/tags?post=60393"}],"curies":[{"name":"wp","href":"https:\/\/api.w.org\/{rel}","templated":true}]}}