{"id":60389,"date":"2018-10-16T23:06:04","date_gmt":"2018-10-17T02:06:04","guid":{"rendered":"http:\/\/portalcatolico.net\/portal\/?p=60389"},"modified":"2018-10-17T13:04:42","modified_gmt":"2018-10-17T16:04:42","slug":"semana-do-jubileu-de-ouro-continua-em-paroquia-de-coaraci","status":"publish","type":"post","link":"http:\/\/portalcatolico.net\/portal\/semana-do-jubileu-de-ouro-continua-em-paroquia-de-coaraci\/","title":{"rendered":"Semana do Jubileu de Ouro continua em par\u00f3quia de Coaraci"},"content":{"rendered":"<p style=\"font-weight: 400;\">A Igreja matriz de&nbsp; Nossa Senhora de Lourdes em Coaraci (BA) est\u00e1 em festa, celebrando,&nbsp;o seu Jubileu de Ouro, reconhecendo e homenageando os seus padres&nbsp;pioneiros em vida e em mem\u00f3ria num gesto de gratid\u00e3o pelo trabalho&nbsp;mission\u00e1rio realizado nestas cinco d\u00e9cadas de evangeliza\u00e7\u00e3o ,miss\u00e3o e&nbsp;servi\u00e7o aos irm\u00e3os.&nbsp;<br \/>\nNa \u00faltima segunda-feira (15), o subtema foi: &#8220;A Igreja comunidade Eucar\u00edstica na&nbsp;vivencia da f\u00e9, a servi\u00e7o da palavra&#8221;. Os homenageados foram os ex &nbsp;p\u00e1rocos da&nbsp; par\u00f3quia&nbsp; jubilar, sendo eles: Pe. Jos\u00e9 Alberto Fonseca&nbsp;Kruschewsky (Diocese de Itabuna), Pe. Jo\u00e3o Oiticica, Pe. Nilton&nbsp;Concei\u00e7\u00e3o e Pe. Laudelino Neto,&nbsp;&nbsp;todos da Diocese de Ilh\u00e9us.<br \/>\nAs homenagens p\u00f3stumas foram dedicadas aos padres:&nbsp; Pe. Francisco Xavier, Pe. Paulo&nbsp;Lima e vig\u00e1rio cooperador Frei Jos\u00e9 Maria, entre outros.<\/p>\n<p style=\"font-weight: 400;\">A prepara\u00e7\u00e3o da&nbsp;Semana Jubilar teve in\u00edcio no domingo, 14, e segue at\u00e9 domingo, 21.<img loading=\"lazy\" decoding=\"async\" class=\"wp-image-60399 aligncenter\" src=\"http:\/\/portalcatolico.net\/portal\/wp-content\/uploads\/2018\/10\/44183168_996229057225810_714594725973196800_n-300x225.jpg\" alt=\"\" width=\"729\" height=\"547\" srcset=\"http:\/\/portalcatolico.net\/portal\/wp-content\/uploads\/2018\/10\/44183168_996229057225810_714594725973196800_n-300x225.jpg 300w, http:\/\/portalcatolico.net\/portal\/wp-content\/uploads\/2018\/10\/44183168_996229057225810_714594725973196800_n-768x576.jpg 768w, http:\/\/portalcatolico.net\/portal\/wp-content\/uploads\/2018\/10\/44183168_996229057225810_714594725973196800_n.jpg 960w\" sizes=\"auto, (max-width: 729px) 100vw, 729px\" \/><\/p>\n<p style=\"font-weight: 400;\">Nesta ter\u00e7a-feira (16), aconteceu a terceira noite e o subtema refletido&nbsp; foi:&#8221;&nbsp;Eucaristia, sacramento da P\u00e1scoa e da entrega de Jesus&#8221;, refletido pelo convidado especial, o Pe. Wellington&nbsp; Quaresma (p\u00e1roco da par\u00f3quia&nbsp;Nossa Senhora do Ros\u00e1rio da cidade de Itapitanga). Na oportunidade, ele disse: &#8220;A Eucaristia d\u00e1 um novo sentido. Essa P\u00e1scoa de Jesus (que antes era celebrada apenas como uma passagem, como uma sa\u00edda da escravid\u00e3o), agora ela \u00e9 um memorial do corpo e sangue de Jesus&#8221;.<br \/>\nOs homenageados foram os casais que contra\u00edram matrim\u00f4nio na par\u00f3quia no&nbsp;ano de 1968 (Bodas de Ouro).<\/p>\n<p style=\"font-weight: 400;\">A celebra\u00e7\u00e3o Eucar\u00edstica&nbsp; foi presidida&nbsp;pelo p\u00e1roco da Igreja matriz de Nossa Senhora de Lourdes, o&nbsp; Pe.&nbsp;Edinilson Vivas Batista e concelebrada pelo Pe. Wellington Quaresma o di\u00e1cono permanente da Diocese de Ilh\u00e9us, Erivaldo Ara\u00fajo Arataca&nbsp;<em>e o di\u00e1cono Transit\u00f3rio Nilson Roberto.<\/em><\/p>\n<p>Texto:Portal Cat\u00f3lico.Net<\/p>\n<p style=\"font-weight: 400;\">Fotos: Pascom-Par\u00f3quia Nossa Senhora de Lourdes<\/p>\n","protected":false},"excerpt":{"rendered":"<p>A Igreja matriz de&nbsp; Nossa Senhora de Lourdes em Coaraci (BA) est\u00e1 em festa, celebrando,&nbsp;o seu Jubileu de Ouro, reconhecendo e homenageando os seus padres&nbsp;pioneiros em vida e em mem\u00f3ria num gesto de gratid\u00e3o pelo trabalho&nbsp;mission\u00e1rio realizado nestas cinco d\u00e9cadas de evangeliza\u00e7\u00e3o ,miss\u00e3o e&nbsp;servi\u00e7o aos irm\u00e3os.&nbsp; Na \u00faltima segunda-feira (15), o subtema foi: &#8220;A Igreja&nbsp;<\/p>\n<p><a class=\"btn btn-style\" href=\"http:\/\/portalcatolico.net\/portal\/semana-do-jubileu-de-ouro-continua-em-paroquia-de-coaraci\/\">Continue Reading<\/a><\/p>\n","protected":false},"author":2,"featured_media":60398,"comment_status":"open","ping_status":"open","sticky":false,"template":"","format":"standard","meta":{"footnotes":""},"categories":[68],"tags":[],"class_list":["post-60389","post","type-post","status-publish","format-standard","has-post-thumbnail","hentry","category-homilias"],"_links":{"self":[{"href":"http:\/\/portalcatolico.net\/portal\/wp-json\/wp\/v2\/posts\/60389","targetHints":{"allow":["GET"]}}],"collection":[{"href":"http:\/\/portalcatolico.net\/portal\/wp-json\/wp\/v2\/posts"}],"about":[{"href":"http:\/\/portalcatolico.net\/portal\/wp-json\/wp\/v2\/types\/post"}],"author":[{"embeddable":true,"href":"http:\/\/portalcatolico.net\/portal\/wp-json\/wp\/v2\/users\/2"}],"replies":[{"embeddable":true,"href":"http:\/\/portalcatolico.net\/portal\/wp-json\/wp\/v2\/comments?post=60389"}],"version-history":[{"count":7,"href":"http:\/\/portalcatolico.net\/portal\/wp-json\/wp\/v2\/posts\/60389\/revisions"}],"predecessor-version":[{"id":60402,"href":"http:\/\/portalcatolico.net\/portal\/wp-json\/wp\/v2\/posts\/60389\/revisions\/60402"}],"wp:featuredmedia":[{"embeddable":true,"href":"http:\/\/portalcatolico.net\/portal\/wp-json\/wp\/v2\/media\/60398"}],"wp:attachment":[{"href":"http:\/\/portalcatolico.net\/portal\/wp-json\/wp\/v2\/media?parent=60389"}],"wp:term":[{"taxonomy":"category","embeddable":true,"href":"http:\/\/portalcatolico.net\/portal\/wp-json\/wp\/v2\/categories?post=60389"},{"taxonomy":"post_tag","embeddable":true,"href":"http:\/\/portalcatolico.net\/portal\/wp-json\/wp\/v2\/tags?post=60389"}],"curies":[{"name":"wp","href":"https:\/\/api.w.org\/{rel}","templated":true}]}}