{"id":60386,"date":"2018-10-16T21:24:16","date_gmt":"2018-10-17T00:24:16","guid":{"rendered":"http:\/\/portalcatolico.net\/portal\/?p=60386"},"modified":"2018-10-16T21:24:16","modified_gmt":"2018-10-17T00:24:16","slug":"sinodo-a-fe-e-uma-aventura-a-igreja-acompanhe-jovens-em-seu-caminho","status":"publish","type":"post","link":"http:\/\/portalcatolico.net\/portal\/sinodo-a-fe-e-uma-aventura-a-igreja-acompanhe-jovens-em-seu-caminho\/","title":{"rendered":"S\u00ednodo: a f\u00e9 \u00e9 uma aventura, a Igreja acompanhe jovens em seu caminho"},"content":{"rendered":"<div class=\"article__subTitle\">Todo jovem \u00e9 \u201cterra sagrada\u201d. Da\u00ed, a necessidade de aprofundar a rela\u00e7\u00e3o entre Cristo e os jovens: o encontro pessoal com Cristo \u00e9 a base de toda escolha vocacional, afirmam os padres sinodais. Na tarde de segunda-feira (15\/10), a d\u00e9cima primeira Congrega\u00e7\u00e3o Geral do S\u00ednodo dos Bispos dedicado aos jovens.<\/div>\n<div class=\"article__text\">\n<p>A resposta \u00e0 voca\u00e7\u00e3o \u00e9 felicidade e risco, porque a f\u00e9 \u00e9 uma aventura e \u00e9 tarefa da Igreja ajudar os jovens a seguir adiante em seu caminho: partem dessa consci\u00eancia as 14 s\u00ednteses das atividades dos C\u00edrculos Menores dedicados \u00e0 segunda parte do&nbsp;<i>Instrumentum Laboris<\/i>(Instrumento de Trabalho), sobre o tema \u201cInterpretar: a f\u00e9 e o discernimento vocacional\u201d.<\/p>\n<p>As s\u00ednteses estiveram \u2013 na tarde desta segunda-feira (15\/10) \u2013 no centro da 11\u00aa Congrega\u00e7\u00e3o Geral do S\u00ednodo dos Bispos dedicado aos jovens.<\/p>\n<p>Toda pessoa tem uma voca\u00e7\u00e3o ao amor de Deus, \u00e0 comunh\u00e3o com Ele a fim de que cada um cuide do mundo e da fam\u00edlia humana, afirmam os padres sinodais.<\/p>\n<p>Trata-se de uma voca\u00e7\u00e3o universal que dura para toda a vida e ter a justa consci\u00eancia disso permite sentir-se solid\u00e1rios, mesmo na diversidade de credos e de divis\u00f5es do mundo que caracterizam a humanidade. A voca\u00e7\u00e3o \u00e9 tamb\u00e9m um chamado universal \u00e0 santidade, que n\u00e3o significa \u201cfor\u00e7adamente\u201d, mas \u00e9 ser capaz de doar a si mesmos, com alegria.<\/p>\n<p><strong>O encontro com o olhar de Jesus<\/strong><\/p>\n<p>\u00c9 Fundamental, ao mesmo tempo, acompanhar a voca\u00e7\u00e3o dos jovens rumo ao justo discernimento com credibilidade e clareza, mas sempre no respeito pela liberdade e sem deixar de lado o primado da a\u00e7\u00e3o divina.<\/p>\n<p>Efetivamente, o encontro com o olhar de Jesus permite amadurecer interiormente e encontrar a gra\u00e7a e a miseric\u00f3rdia de Deus.<\/p>\n<p>Somente assim os jovens n\u00e3o se sentir\u00e3o abandonados a si mesmos diante de questionamentos radicais, como sobre a dor e sobre a morte. Todavia, mediante o discernimento, eles poder\u00e3o descobrir sua profunda identidade e a contribui\u00e7\u00e3o \u00fanica que podem e devem dar \u00e0 Igreja e \u00e0 sociedade.<\/p>\n<p><strong>Cristo \u00e9 jovem entre os jovens<\/strong><\/p>\n<p>Em todo jovem a Igreja revela a sua presen\u00e7a e todo jovem \u00e9 \u201cterra sagrada\u201d, reiteram os padres sinodais. Da\u00ed, a necessidade de aprofundar a rela\u00e7\u00e3o entre Cristo e os jovens: Cristo \u00e9 jovem entre os jovens e est\u00e1 atento aos processos de amadurecimento que se d\u00e3o no cora\u00e7\u00e3o dos jovens. Portanto, o encontro pessoal com Cristo \u00e9 a base de toda escolha vocacional.<\/p>\n<p>Quanto ao discernimento, \u00e9 importante encontrar o ambiente oportuno, como o da comunidade eclesial, e um acompanhamento adequado, n\u00e3o necessariamente um presb\u00edtero, que seja bem preparado, carregue Deus no cora\u00e7\u00e3o e tenha em considera\u00e7\u00e3o as emo\u00e7\u00f5es e rela\u00e7\u00f5es da pessoa, sua afetividade.<\/p>\n<p>De fato, o discernimento n\u00e3o \u00e9 uma mera quest\u00e3o de m\u00e9todo, e sim implica testemunhos cr\u00edveis que possam permitir aos jovens responder livremente ao chamado do Senhor.<\/p>\n<p><strong>Acompanhamento seja pessoal e comunit\u00e1rio<\/strong><\/p>\n<p>Olhar para dentro de si, mas tamb\u00e9m olhar ao redor de si: \u00e9 o que os jovens devem fazer, acompanhados pela Igreja. Por conseguinte, o acompanhamento \u00e0 vida crist\u00e3 ser\u00e1 sempre pessoal e comunit\u00e1rio: na livre escolha de cada um segundo consci\u00eancia, a comunidade deve ser para todos aquilo que a Igreja \u00e9 para o mundo, ou seja, uma luz que indique o caminho rumo \u00e0 comunh\u00e3o com Cristo.<\/p>\n<p>Porque a verdadeira voca\u00e7\u00e3o jamais \u00e9 uma imposi\u00e7\u00e3o, mas um convite. Portanto, os pastores saibam promover, nas comunidades de fi\u00e9is, uma consci\u00eancia s\u00f3lida da f\u00e9, a alegria da fraternidade, o gosto pela ora\u00e7\u00e3o e o desejo de um testemunho de vida evang\u00e9lica. Em tudo colocando sempre a pessoa livre de todo e qualquer tipo de abuso, quer de poder, quer f\u00edsico.<\/p>\n<p><strong>A Crisma n\u00e3o \u00e9 \u201cdiploma de emancipa\u00e7\u00e3o\u201d da Igreja<\/strong><\/p>\n<p>O termo acompanhar vem do latim \u201c<i>cum pane<\/i>\u201d e, portanto, \u00e9 essencial acompanhar os jovens a partilhar a Eucaristia, afirmam os padres sinodais. A Sala do S\u00ednodo sugere tamb\u00e9m uma maior aten\u00e7\u00e3o \u00e0 Crisma, a fim de que tal sacramento n\u00e3o seja mais visto pelos jovens como um \u201cdiploma de emancipa\u00e7\u00e3o\u201d da Igreja, mas, pelo contr\u00e1rio, um modo para amadurecer na f\u00e9.<\/p>\n<p>Ademais, observam, o fator tempo \u00e9 essencial: deve-se ensinar aos jovens n\u00e3o ter pressa, a n\u00e3o temer o \u201cpara sempre\u201d porque a paci\u00eancia de Deus torna toda criatura humana capaz de escolhas determinantes.<\/p>\n<p><strong>Incluir os jovens marcados por fragilidades<\/strong><\/p>\n<p>A miss\u00e3o da Igreja \u00e9 valorizar a for\u00e7a dos jovens e ajud\u00e1-los em sua fragilidade e \u00e9 por isso que o S\u00ednodo pede que n\u00e3o se exclua, mas inclua na vida eclesial os jovens que sofrem, acometidos por fragilidades f\u00edsicas, intelectuais ou socioculturais.<\/p>\n<p>Estes jovens s\u00e3o sujeitos ativos de transforma\u00e7\u00e3o no seio de suas comunidades, representam um dom porque oferecem a todos a possibilidade de abrir-se \u00e0 reciprocidade solid\u00e1ria.<\/p>\n<p>Igual aten\u00e7\u00e3o deve ser dada \u00e0s pessoas solteiras e \u00e0s com tend\u00eancias homossexuais porque \u00e9 tarefa da Igreja acompanhar e ajudar os jovens a dar um sentido \u00e0 pr\u00f3pria vida, encontrando no mundo os sinais de Deus. Com efeito, o Senhor pensa grande para todo homem, a fim de que cada um possa trabalhar sempre melhor para construir uma Igreja aut\u00eantica.<\/p>\n<p><strong>Uma quest\u00e3o de linguagem<\/strong><\/p>\n<p>Estamos numa \u00e9poca de transi\u00e7\u00e3o, rica de complexidade, mas a resposta de Jesus pode ser um sinal de esperan\u00e7a para os jovens que sofrem a dificuldade de dar um sentido \u00e0 pr\u00f3pria vida, afirmam os padres sinodais.<\/p>\n<p>\u00c9 tamb\u00e9m uma quest\u00e3o de linguagem, adverte o S\u00ednodo: os jovens compreendem realmente quem est\u00e1 ai para eles e sabe falar, de modo existencial, de proximidade, de rela\u00e7\u00f5es, de amor gratuito e sem interesses, que toca seus cora\u00e7\u00f5es e mude suas vidas, dando esperan\u00e7a e desejo de bem.<\/p>\n<p><strong>O exemplo de S\u00e3o Paulo VI<\/strong><\/p>\n<p>O pensamento do S\u00ednodo voltou-se, em seguida, para S\u00e3o Paulo VI, canonizado no domingo, 14 de outubro: seu olhar de f\u00e9 sobre os jovens e sobre o di\u00e1logo com o mundo contempor\u00e2neo recordam que toda vida \u00e9 voca\u00e7\u00e3o e que cabe \u00e0 Igreja restabelecer a uni\u00e3o entre si mesma e o homem moderno.<\/p>\n<p>Por fim, toma p\u00e9 a ideia \u2013 lan\u00e7ada dias atr\u00e1s durante os trabalhos na Sala do S\u00ednodo \u2013 de uma peregrina\u00e7\u00e3o partindo de um trecho da Via Francigena at\u00e9 o t\u00famulo de Pedro, iniciativa dedicada aos padres sinodais e aos jovens participantes da Assembleia.<\/p>\n<p>A Via Francigena (Francisca), como o Caminho de Santiago, \u00e9 conhecida sobretudo como itiner\u00e1rio de peregrina\u00e7\u00e3o. Tamb\u00e9m chamada na Idade M\u00e9dia de&nbsp;<i>vie romanee<\/i>, tratava-se de caminhos que da Europa ocidental, em particular da Fran\u00e7a, os peregrinos percorriam para chegar a Roma.<\/p>\n<p>O Pontif\u00edcio Conselho para a Promo\u00e7\u00e3o da Nova Evangeliza\u00e7\u00e3o encarregou-se da organiza\u00e7\u00e3o da iniciativa programada para quinta-feira da pr\u00f3xima semana, dia 25 de outubro.<\/p>\n<p>Fonte e foto: Vatican News<\/p>\n<\/div>\n","protected":false},"excerpt":{"rendered":"<p>Todo jovem \u00e9 \u201cterra sagrada\u201d. Da\u00ed, a necessidade de aprofundar a rela\u00e7\u00e3o entre Cristo e os jovens: o encontro pessoal com Cristo \u00e9 a base de toda escolha vocacional, afirmam os padres sinodais. Na tarde de segunda-feira (15\/10), a d\u00e9cima primeira Congrega\u00e7\u00e3o Geral do S\u00ednodo dos Bispos dedicado aos jovens. A resposta \u00e0 voca\u00e7\u00e3o \u00e9&nbsp;<\/p>\n<p><a class=\"btn btn-style\" href=\"http:\/\/portalcatolico.net\/portal\/sinodo-a-fe-e-uma-aventura-a-igreja-acompanhe-jovens-em-seu-caminho\/\">Continue Reading<\/a><\/p>\n","protected":false},"author":2,"featured_media":60387,"comment_status":"open","ping_status":"open","sticky":false,"template":"","format":"standard","meta":{"footnotes":""},"categories":[5],"tags":[],"class_list":["post-60386","post","type-post","status-publish","format-standard","has-post-thumbnail","hentry","category-igreja_no_mundo"],"_links":{"self":[{"href":"http:\/\/portalcatolico.net\/portal\/wp-json\/wp\/v2\/posts\/60386","targetHints":{"allow":["GET"]}}],"collection":[{"href":"http:\/\/portalcatolico.net\/portal\/wp-json\/wp\/v2\/posts"}],"about":[{"href":"http:\/\/portalcatolico.net\/portal\/wp-json\/wp\/v2\/types\/post"}],"author":[{"embeddable":true,"href":"http:\/\/portalcatolico.net\/portal\/wp-json\/wp\/v2\/users\/2"}],"replies":[{"embeddable":true,"href":"http:\/\/portalcatolico.net\/portal\/wp-json\/wp\/v2\/comments?post=60386"}],"version-history":[{"count":1,"href":"http:\/\/portalcatolico.net\/portal\/wp-json\/wp\/v2\/posts\/60386\/revisions"}],"predecessor-version":[{"id":60388,"href":"http:\/\/portalcatolico.net\/portal\/wp-json\/wp\/v2\/posts\/60386\/revisions\/60388"}],"wp:featuredmedia":[{"embeddable":true,"href":"http:\/\/portalcatolico.net\/portal\/wp-json\/wp\/v2\/media\/60387"}],"wp:attachment":[{"href":"http:\/\/portalcatolico.net\/portal\/wp-json\/wp\/v2\/media?parent=60386"}],"wp:term":[{"taxonomy":"category","embeddable":true,"href":"http:\/\/portalcatolico.net\/portal\/wp-json\/wp\/v2\/categories?post=60386"},{"taxonomy":"post_tag","embeddable":true,"href":"http:\/\/portalcatolico.net\/portal\/wp-json\/wp\/v2\/tags?post=60386"}],"curies":[{"name":"wp","href":"https:\/\/api.w.org\/{rel}","templated":true}]}}