{"id":60383,"date":"2018-10-16T13:11:00","date_gmt":"2018-10-16T16:11:00","guid":{"rendered":"http:\/\/portalcatolico.net\/portal\/?p=60383"},"modified":"2018-10-16T13:11:00","modified_gmt":"2018-10-16T16:11:00","slug":"paroquia-santa-terezinha-promove-retiro-para-jovens","status":"publish","type":"post","link":"http:\/\/portalcatolico.net\/portal\/paroquia-santa-terezinha-promove-retiro-para-jovens\/","title":{"rendered":"Par\u00f3quia Santa Terezinha promove retiro para jovens"},"content":{"rendered":"<p>Ansiedade, expectativas e alegria. Esses sentimentos tomam conta dos jovens da par\u00f3quia Santa Terezinha, em Potiragu\u00e1. Nos dias 17 e 18 de novembro de 2018, acontecer\u00e1 o retiro Eternamente Amigos. O objetivo \u00e9 aproximar os jovens uns do outro e essa experi\u00eancia conduzir a Deus.<\/p>\n<p>O retiro ser\u00e1 marcado com momentos de ora\u00e7\u00e3o, louvor, din\u00e2mica e muita partilha. A estrutura do retiro foi pensada de forma que leve os jovens ao autoconhecimento e a import\u00e2ncia de Deus na vida deles.<\/p>\n<p>O padre Augusto, administrador paroquial, ressalta que esse foi um dos anseios da comunidade e dos pr\u00f3prios jovens. \u201cQuando cheguei aqui na par\u00f3quia, perguntei o que seria mais urgente para trabalharmos na comunidade. As lideran\u00e7as n\u00e3o hesitaram em dizer que precisava de um resgate dos jovens \u00e0 Igreja\u201d, declara o padre Augusto. \u201clogo nos organizamos e come\u00e7amos a reunir esses jovens\u201d, completa. A par\u00f3quia hoje tem dois grupos de jovens: Yeshua, em Itaimb\u00e9 e o grupo Unidos pela For\u00e7a de Cristo (UFC) &nbsp;em Potiragu\u00e1.<\/p>\n<p>O retiro Eternamente &nbsp;Amigos est\u00e1 dentro de um projeto da par\u00f3quia para a juventude. Participar\u00e1 do retiro jovens de Itaimb\u00e9 \/Coreia, Gurup\u00e1-Mirim e Potiragu\u00e1. Sem d\u00favidas ser\u00e1 um momento de firmar la\u00e7os de amizade, fazer a experi\u00eancia de Cristo e testemunhar o amor de Deus.<\/p>\n<p>Texto: Padre Augusto Ferreira &nbsp;(Par\u00f3quia Santa Terezinha na cidade de Potiragu\u00e1 -BA<\/p>\n","protected":false},"excerpt":{"rendered":"<p>Ansiedade, expectativas e alegria. Esses sentimentos tomam conta dos jovens da par\u00f3quia Santa Terezinha, em Potiragu\u00e1. Nos dias 17 e 18 de novembro de 2018, acontecer\u00e1 o retiro Eternamente Amigos. O objetivo \u00e9 aproximar os jovens uns do outro e essa experi\u00eancia conduzir a Deus. O retiro ser\u00e1 marcado com momentos de ora\u00e7\u00e3o, louvor, din\u00e2mica&nbsp;<\/p>\n<p><a class=\"btn btn-style\" href=\"http:\/\/portalcatolico.net\/portal\/paroquia-santa-terezinha-promove-retiro-para-jovens\/\">Continue Reading<\/a><\/p>\n","protected":false},"author":2,"featured_media":60384,"comment_status":"open","ping_status":"open","sticky":false,"template":"","format":"standard","meta":{"footnotes":""},"categories":[1],"tags":[],"class_list":["post-60383","post","type-post","status-publish","format-standard","has-post-thumbnail","hentry","category-agenda"],"_links":{"self":[{"href":"http:\/\/portalcatolico.net\/portal\/wp-json\/wp\/v2\/posts\/60383","targetHints":{"allow":["GET"]}}],"collection":[{"href":"http:\/\/portalcatolico.net\/portal\/wp-json\/wp\/v2\/posts"}],"about":[{"href":"http:\/\/portalcatolico.net\/portal\/wp-json\/wp\/v2\/types\/post"}],"author":[{"embeddable":true,"href":"http:\/\/portalcatolico.net\/portal\/wp-json\/wp\/v2\/users\/2"}],"replies":[{"embeddable":true,"href":"http:\/\/portalcatolico.net\/portal\/wp-json\/wp\/v2\/comments?post=60383"}],"version-history":[{"count":1,"href":"http:\/\/portalcatolico.net\/portal\/wp-json\/wp\/v2\/posts\/60383\/revisions"}],"predecessor-version":[{"id":60385,"href":"http:\/\/portalcatolico.net\/portal\/wp-json\/wp\/v2\/posts\/60383\/revisions\/60385"}],"wp:featuredmedia":[{"embeddable":true,"href":"http:\/\/portalcatolico.net\/portal\/wp-json\/wp\/v2\/media\/60384"}],"wp:attachment":[{"href":"http:\/\/portalcatolico.net\/portal\/wp-json\/wp\/v2\/media?parent=60383"}],"wp:term":[{"taxonomy":"category","embeddable":true,"href":"http:\/\/portalcatolico.net\/portal\/wp-json\/wp\/v2\/categories?post=60383"},{"taxonomy":"post_tag","embeddable":true,"href":"http:\/\/portalcatolico.net\/portal\/wp-json\/wp\/v2\/tags?post=60383"}],"curies":[{"name":"wp","href":"https:\/\/api.w.org\/{rel}","templated":true}]}}