{"id":60380,"date":"2018-10-16T06:15:14","date_gmt":"2018-10-16T09:15:14","guid":{"rendered":"http:\/\/portalcatolico.net\/portal\/?p=60380"},"modified":"2018-10-16T06:15:14","modified_gmt":"2018-10-16T09:15:14","slug":"igreja-no-peru-celebra-nossa-senhora-do-rosario-de-manchay","status":"publish","type":"post","link":"http:\/\/portalcatolico.net\/portal\/igreja-no-peru-celebra-nossa-senhora-do-rosario-de-manchay\/","title":{"rendered":"Igreja no Peru celebra Nossa Senhora do Ros\u00e1rio de Manchay"},"content":{"rendered":"<p>Neste \u00faltimo domingo, 14, o Cardeal Juan Luis Cipriani Thorne, Arcebispo de Lima e Primaz do Peru, presidiu uma Santa Missa em honra a Nossa Senhora do Ros\u00e1rio de Manchay. Durante a celebra\u00e7\u00e3o, que contou com a presen\u00e7a de milhares de fi\u00e9is peruanos, o purpurado coroou as imagens de Nossa Senhora e do Menino Jesus com coroas aben\u00e7oadas pelo Papa Francisco.<\/p>\n<p>Em sua homilia, o Arcebispo de Lima afirmou que o amor a Deus e ao pr\u00f3ximo &#8220;\u00e9 a \u00fanica resposta a todos os males. Se falta sa\u00fade, falta amor; se falta justi\u00e7a, falta amor; se falta honra, falta amor; se falta paz, falta amor; o amor tudo pode, o amor \u00e9 a resposta a tudo, e sem amor n\u00e3o se pode viver e por isso nossa M\u00e3e \u00e9 a M\u00e3e do belo amor&#8221;.<\/p>\n<table border=\"0\" align=\"center\">\n<tbody>\n<tr>\n<td><img loading=\"lazy\" decoding=\"async\" class=\"alignleft\" title=\"Igreja no Peru celebra Nossa Senhora do Ros\u00e1rio de Manchay 2.jpg\" src=\"https:\/\/www.gaudiumpress.org\/resource\/view?id=159844&amp;size=2\" alt=\"Igreja no Peru celebra Nossa Senhora do Ros\u00e1rio de Manchay 2.jpg\" width=\"518\" height=\"279\"><\/td>\n<\/tr>\n<\/tbody>\n<\/table>\n<p>O purpurado pediu para que os fi\u00e9is questionem a si mesmos em seus lares &#8220;h\u00e1 amor entre os esposos, entre filhos, com os anci\u00e3os? O amor perdoa, o amor n\u00e3o est\u00e1 criticando, caluniando, o amor n\u00e3o sabe falar mal. Quem tem amor perdoa, compreende, dialoga, recebe, o que n\u00e3o tem amor tudo julga, tudo converte em ego\u00edsmo. Irm\u00e3os, nesta festa de Nossa Senhora, pe\u00e7o a ela em nome de todos, ensina-nos a amar, deixa que cada um de n\u00f3s receba o amor&#8221;.<\/p>\n<table border=\"0\" align=\"center\">\n<tbody>\n<tr>\n<td><img loading=\"lazy\" decoding=\"async\" title=\"Igreja no Peru celebra Nossa Senhora do Ros\u00e1rio de Manchay 3.jpg\" src=\"https:\/\/www.gaudiumpress.org\/resource\/view?id=159845&amp;size=2\" alt=\"Igreja no Peru celebra Nossa Senhora do Ros\u00e1rio de Manchay 3.jpg\" width=\"500\" height=\"270\"><\/td>\n<\/tr>\n<\/tbody>\n<\/table>\n<p>Dom Cipriani exortou ainda que devemos sempre nos esfor\u00e7ar em perdoar e vencer o \u00f3dio. &#8220;Irm\u00e3os n\u00e3o se d\u00e3o conta que \u00e9 feio viver com \u00f3dios, \u00e9 chato, \u00e9 desagrad\u00e1vel, \u00e9 mau, porque \u00e0s vezes come\u00e7amos a viver com \u00f3dio, sim \u00e9 horr\u00edvel, n\u00e3o h\u00e1 nenhum benef\u00edcio, nenhum&#8221;.<\/p>\n<table border=\"0\" align=\"center\">\n<tbody>\n<tr>\n<td><img loading=\"lazy\" decoding=\"async\" title=\"Igreja no Peru celebra Nossa Senhora do Ros\u00e1rio de Manchay 4.jpg\" src=\"https:\/\/www.gaudiumpress.org\/resource\/view?id=159846&amp;size=2\" alt=\"Igreja no Peru celebra Nossa Senhora do Ros\u00e1rio de Manchay 4.jpg\" width=\"500\" height=\"270\"><\/td>\n<\/tr>\n<\/tbody>\n<\/table>\n<p>Estiveram presentes na celebra\u00e7\u00e3o o N\u00fancio Apost\u00f3lico, Dom Nicola Girasoli, o Padre Jos\u00e9 Chuquillanqui, p\u00e1roco de Manchay, sacerdotes da Arquidiocese, religiosas, benfeitores, autoridades, amigos e milhares de fi\u00e9is de Manchay que chegaram desde cedo \u00e0 pra\u00e7a central deste povoado. Ao t\u00e9rmino da celebra\u00e7\u00e3o, a cantora Amanda Portales, uma das maiores expoentes da m\u00fasica folcl\u00f3rica do Peru rendeu uma homenagem \u00e0 Nossa Senhora do Ros\u00e1rio de Manchay. (Gaudium Press)<\/p>\n","protected":false},"excerpt":{"rendered":"<p>Neste \u00faltimo domingo, 14, o Cardeal Juan Luis Cipriani Thorne, Arcebispo de Lima e Primaz do Peru, presidiu uma Santa Missa em honra a Nossa Senhora do Ros\u00e1rio de Manchay. Durante a celebra\u00e7\u00e3o, que contou com a presen\u00e7a de milhares de fi\u00e9is peruanos, o purpurado coroou as imagens de Nossa Senhora e do Menino Jesus&nbsp;<\/p>\n<p><a class=\"btn btn-style\" href=\"http:\/\/portalcatolico.net\/portal\/igreja-no-peru-celebra-nossa-senhora-do-rosario-de-manchay\/\">Continue Reading<\/a><\/p>\n","protected":false},"author":2,"featured_media":60381,"comment_status":"open","ping_status":"open","sticky":false,"template":"","format":"standard","meta":{"footnotes":""},"categories":[5],"tags":[],"class_list":["post-60380","post","type-post","status-publish","format-standard","has-post-thumbnail","hentry","category-igreja_no_mundo"],"_links":{"self":[{"href":"http:\/\/portalcatolico.net\/portal\/wp-json\/wp\/v2\/posts\/60380","targetHints":{"allow":["GET"]}}],"collection":[{"href":"http:\/\/portalcatolico.net\/portal\/wp-json\/wp\/v2\/posts"}],"about":[{"href":"http:\/\/portalcatolico.net\/portal\/wp-json\/wp\/v2\/types\/post"}],"author":[{"embeddable":true,"href":"http:\/\/portalcatolico.net\/portal\/wp-json\/wp\/v2\/users\/2"}],"replies":[{"embeddable":true,"href":"http:\/\/portalcatolico.net\/portal\/wp-json\/wp\/v2\/comments?post=60380"}],"version-history":[{"count":1,"href":"http:\/\/portalcatolico.net\/portal\/wp-json\/wp\/v2\/posts\/60380\/revisions"}],"predecessor-version":[{"id":60382,"href":"http:\/\/portalcatolico.net\/portal\/wp-json\/wp\/v2\/posts\/60380\/revisions\/60382"}],"wp:featuredmedia":[{"embeddable":true,"href":"http:\/\/portalcatolico.net\/portal\/wp-json\/wp\/v2\/media\/60381"}],"wp:attachment":[{"href":"http:\/\/portalcatolico.net\/portal\/wp-json\/wp\/v2\/media?parent=60380"}],"wp:term":[{"taxonomy":"category","embeddable":true,"href":"http:\/\/portalcatolico.net\/portal\/wp-json\/wp\/v2\/categories?post=60380"},{"taxonomy":"post_tag","embeddable":true,"href":"http:\/\/portalcatolico.net\/portal\/wp-json\/wp\/v2\/tags?post=60380"}],"curies":[{"name":"wp","href":"https:\/\/api.w.org\/{rel}","templated":true}]}}