{"id":60376,"date":"2018-10-15T23:04:19","date_gmt":"2018-10-16T02:04:19","guid":{"rendered":"http:\/\/portalcatolico.net\/portal\/?p=60376"},"modified":"2018-10-23T16:13:59","modified_gmt":"2018-10-23T19:13:59","slug":"diocese-de-itabuna-anuncia-a-programacao-das-missas-de-finado","status":"publish","type":"post","link":"http:\/\/portalcatolico.net\/portal\/diocese-de-itabuna-anuncia-a-programacao-das-missas-de-finado\/","title":{"rendered":"Diocese de Itabuna anuncia a programa\u00e7\u00e3o das Missas de Finado"},"content":{"rendered":"<p style=\"font-weight: 400;\">A Diocese de Itabuna, preparou uma programa\u00e7\u00e3o especial para o dia&nbsp;&nbsp;02&nbsp;de novembro, Dia de finados. A partir das 7h, com intervalos&nbsp;&nbsp;de 1 em 1 hora, missas ser\u00e3o celebradas na Capela do Cemit\u00e9rio Campo Santo. A \u00faltima missa do dia ser\u00e1 celebrada pelo Bispo Diocesano Dom Carlos&nbsp;Alberto dos Santos, \u00e0s 17 horas.<br \/>\nO Cemit\u00e9rio Campo Santo fica situado na rua Ant\u00f4nio Muniz, sem n\u00famero,&nbsp;no centro de Itabuna, pr\u00f3ximo ao Hospital Calixto Midlej.<\/p>\n<p style=\"font-weight: 400;\">Confira abaixo os hor\u00e1rios das celebra\u00e7\u00f5es eucar\u00edsticas e os respectivos celebrantes:<\/p>\n<p><em>07h \u2013 Par\u00f3quia Nossa Senhora da Piedade ((o Pe. Frei Ivanilton Oliveira dos Santos)<\/em><\/p>\n<p><em>08h \u2013 Par\u00f3quia Santo Ant\u00f4nio ( Pe. Jos\u00e9 Andrade Paz)<\/em><\/p>\n<p><em>09h \u2013 Par\u00f3quia Santa Maria Goretti&nbsp; (Pe. Martins Alves)<\/em><\/p>\n<p><em>10h \u2013 Par\u00f3quia Nossa Senhora das Vit\u00f3rias (Pe. Gilmar Oliveira dos Santos)<\/em><\/p>\n<p><em>11h \u2013 Paroquia Senhor do Bonfim (Pe. Manoel Carlos de Jesus Cruz)<\/em><\/p>\n<p><em>14h \u2013 Par\u00f3quia Nossa&nbsp; Senhora Aparecida (Pe. Ezequias Gon\u00e7alves dos Santos)<\/em><\/p>\n<p><em>15h \u2013 Par\u00f3quia Santa Maria Madalena (Pe. Tony Val\u00e9rio Rodrigues)<\/em><\/p>\n<p><em>16h- Par\u00f3quia S\u00e3o Judas Tadeu (Pe. Ac\u00e1ssio Alves da Silva)<\/em><\/p>\n<p><em>17h \u2013 Paroquia Catedral &nbsp;de&nbsp; S\u00e3o Jos\u00e9 ( Dom Carlos Alberto dos Santos)<\/em><\/p>\n<p style=\"font-weight: 400;\">Todas as par\u00f3quias na matriz dever\u00e1 ter missa no hor\u00e1rio pr\u00f3prio da&nbsp;par\u00f3quia. Lembrando que a cidade de Itabuna tem mais dois cemit\u00e9rios: um no bairro&nbsp;&nbsp;Ferradas e outro pr\u00f3ximo ao semianel&nbsp; rodovi\u00e1rio (Park Memorial&nbsp; de&nbsp;Itabuna).<\/p>\n","protected":false},"excerpt":{"rendered":"<p>A Diocese de Itabuna, preparou uma programa\u00e7\u00e3o especial para o dia&nbsp;&nbsp;02&nbsp;de novembro, Dia de finados. A partir das 7h, com intervalos&nbsp;&nbsp;de 1 em 1 hora, missas ser\u00e3o celebradas na Capela do Cemit\u00e9rio Campo Santo. A \u00faltima missa do dia ser\u00e1 celebrada pelo Bispo Diocesano Dom Carlos&nbsp;Alberto dos Santos, \u00e0s 17 horas. O Cemit\u00e9rio Campo Santo&nbsp;<\/p>\n<p><a class=\"btn btn-style\" href=\"http:\/\/portalcatolico.net\/portal\/diocese-de-itabuna-anuncia-a-programacao-das-missas-de-finado\/\">Continue Reading<\/a><\/p>\n","protected":false},"author":2,"featured_media":60377,"comment_status":"open","ping_status":"open","sticky":false,"template":"","format":"standard","meta":{"footnotes":""},"categories":[1],"tags":[],"class_list":["post-60376","post","type-post","status-publish","format-standard","has-post-thumbnail","hentry","category-agenda"],"_links":{"self":[{"href":"http:\/\/portalcatolico.net\/portal\/wp-json\/wp\/v2\/posts\/60376","targetHints":{"allow":["GET"]}}],"collection":[{"href":"http:\/\/portalcatolico.net\/portal\/wp-json\/wp\/v2\/posts"}],"about":[{"href":"http:\/\/portalcatolico.net\/portal\/wp-json\/wp\/v2\/types\/post"}],"author":[{"embeddable":true,"href":"http:\/\/portalcatolico.net\/portal\/wp-json\/wp\/v2\/users\/2"}],"replies":[{"embeddable":true,"href":"http:\/\/portalcatolico.net\/portal\/wp-json\/wp\/v2\/comments?post=60376"}],"version-history":[{"count":3,"href":"http:\/\/portalcatolico.net\/portal\/wp-json\/wp\/v2\/posts\/60376\/revisions"}],"predecessor-version":[{"id":60549,"href":"http:\/\/portalcatolico.net\/portal\/wp-json\/wp\/v2\/posts\/60376\/revisions\/60549"}],"wp:featuredmedia":[{"embeddable":true,"href":"http:\/\/portalcatolico.net\/portal\/wp-json\/wp\/v2\/media\/60377"}],"wp:attachment":[{"href":"http:\/\/portalcatolico.net\/portal\/wp-json\/wp\/v2\/media?parent=60376"}],"wp:term":[{"taxonomy":"category","embeddable":true,"href":"http:\/\/portalcatolico.net\/portal\/wp-json\/wp\/v2\/categories?post=60376"},{"taxonomy":"post_tag","embeddable":true,"href":"http:\/\/portalcatolico.net\/portal\/wp-json\/wp\/v2\/tags?post=60376"}],"curies":[{"name":"wp","href":"https:\/\/api.w.org\/{rel}","templated":true}]}}