{"id":60372,"date":"2018-10-16T00:53:01","date_gmt":"2018-10-16T03:53:01","guid":{"rendered":"http:\/\/portalcatolico.net\/portal\/?p=60372"},"modified":"2018-10-15T22:55:53","modified_gmt":"2018-10-16T01:55:53","slug":"paroquia-nossa-senhora-de-lourdes-celebra-50-anos-com-programacao-especial-confira","status":"publish","type":"post","link":"http:\/\/portalcatolico.net\/portal\/paroquia-nossa-senhora-de-lourdes-celebra-50-anos-com-programacao-especial-confira\/","title":{"rendered":"Par\u00f3quia Nossa Senhora de Lourdes celebra 50 anos com programa\u00e7\u00e3o especial. Confira!"},"content":{"rendered":"<p>A Par\u00f3quia Nossa Senhora de Lourdes de Coaraci (BA) preparou uma programa\u00e7\u00e3o especialmente para comemorar o Jubileu de Ouro. Confira a programa\u00e7\u00e3o&nbsp;abaixo e participe!<\/p>\n<p><strong>Dia 16\/10-ter\u00e7a-feira -19h<\/strong><br \/>\nSubtema:&#8221; Eucaristia, Sacramento da P\u00e1scoa e da entrega de Jesus&#8221;<br \/>\nHomenageados: Casais que contra\u00edram matrim\u00f4nio na par\u00f3quia no ano de&nbsp;1968 (Bodas de Ouro)<br \/>\nParticipa\u00e7\u00e3o: Pastoral Familiar e Pastoral da Crian\u00e7a.<br \/>\nPar\u00f3quia convidada: Par\u00f3quia Nossa Senhora do Ros\u00e1rio&nbsp; da cidade de&nbsp;<br \/>\nItapitanga.<\/p>\n<p><strong>Dia 17\/10-19h<\/strong><br \/>\nSubtema:&#8221; Eucaristia, Sacramento do Reino&#8221;<br \/>\nHomenageados: Comunidades: S\u00e3o Roque do distrito do Garganta, S\u00e3o Jos\u00e9&nbsp;da \u00c1gua Divina, Santa Helena do distrito da Ruinha dos Tr\u00eas Bra\u00e7os e S\u00e3o&nbsp;Roque do distrito da Lagoa.<br \/>\nPar\u00f3quia convidada: Nossa Senhora do Perp\u00e9tuo Socorro da cidade de&nbsp;&nbsp;Almadina.<br \/>\nParticipa\u00e7\u00e3o: Pastoral&nbsp; da Catequese, Grupo de Evangeliza\u00e7\u00e3o e&nbsp;Coroinhas.<\/p>\n<p><strong>Dia 18\/10-19h<\/strong><br \/>\nSubtema: &#8221; A eucaristia faz a Igreja Sacramenta do Crisma&#8221;.<br \/>\nHomenageados: As&nbsp; Maria de Lourdes ou Mulheres que tenha o nome de&nbsp;Lourdes e padres filhos da par\u00f3quia.<br \/>\nConvidados: Prefeitura Municipal de Coaraci, Camar\u00e1 de Vereadores da&nbsp;cidade, Ma\u00e7onaria, F\u00f3rum, Seguran\u00e7a, Centros Educacionais, Com\u00e9rcio em&nbsp;geral e desportistas.<\/p>\n<p><strong>Dia 19\/10-19h<\/strong><br \/>\nSubtema: &#8220;Eucaristia e Sacramento&nbsp; da solidariedade Crist\u00e3&#8221;.<br \/>\nPar\u00f3quia convidada: Par\u00f3quia do Sagrado Cora\u00e7\u00e3o de Jesus da cidade de&nbsp;Itaju\u00edpe&nbsp;<br \/>\nParticipa\u00e7\u00e3o: Legi\u00e3o de Maria, Ter\u00e7o dos Homens e das Mulheres e&nbsp;Congrega\u00e7\u00e3o Mariana.<\/p>\n<p><strong>Dia 20\/10-19h<\/strong><br \/>\nSubtema: &#8220;A P\u00e1scoa&nbsp; de Cristo Alimento a Esperan\u00e7a da Igreja&#8221;.<br \/>\nDedicada aos religiosos e&nbsp; religiosas homenageadas: As Irm\u00e3s da&nbsp;Congrega\u00e7\u00e3o Mission\u00e1rias do Sant\u00edssimo Sacramento e Maria Imaculada que serviram na par\u00f3quia&nbsp;Homenagem P\u00f3stuma: Aos religiosos que serviram nesta comunidade antes da&nbsp;cria\u00e7\u00e3o&nbsp; da par\u00f3quia.<br \/>\nParticipa\u00e7\u00e3o: Comunidade Urbana e Pastoral da juventude.<\/p>\n<p><strong>Dia 21\/10-18h<\/strong><br \/>\nEncerramento<br \/>\nSubtema: &#8220;A igreja aceita o convite do mestre: Fazei isto em mem\u00f3ria de&nbsp;mim&#8221;.<br \/>\nHomenagem: A toda comunidade paroquial jubilar<br \/>\n-Prociss\u00e3o Eucar\u00edstica<br \/>\n-Encerramento com a b\u00ean\u00e7\u00e3o do Sant\u00edssimo Sacramento<\/p>\n<p>Texto:Portal Cat\u00f3lico&nbsp;<\/p>\n<p>Com Informa\u00e7\u00f5es e foto: Pascom-Pastoral da Comunica\u00e7\u00e3o<\/p>\n","protected":false},"excerpt":{"rendered":"<p>A Par\u00f3quia Nossa Senhora de Lourdes de Coaraci (BA) preparou uma programa\u00e7\u00e3o especialmente para comemorar o Jubileu de Ouro. Confira a programa\u00e7\u00e3o&nbsp;abaixo e participe! Dia 16\/10-ter\u00e7a-feira -19h Subtema:&#8221; Eucaristia, Sacramento da P\u00e1scoa e da entrega de Jesus&#8221; Homenageados: Casais que contra\u00edram matrim\u00f4nio na par\u00f3quia no ano de&nbsp;1968 (Bodas de Ouro) Participa\u00e7\u00e3o: Pastoral Familiar e Pastoral&nbsp;<\/p>\n<p><a class=\"btn btn-style\" href=\"http:\/\/portalcatolico.net\/portal\/paroquia-nossa-senhora-de-lourdes-celebra-50-anos-com-programacao-especial-confira\/\">Continue Reading<\/a><\/p>\n","protected":false},"author":2,"featured_media":60373,"comment_status":"open","ping_status":"open","sticky":false,"template":"","format":"standard","meta":{"footnotes":""},"categories":[1],"tags":[],"class_list":["post-60372","post","type-post","status-publish","format-standard","has-post-thumbnail","hentry","category-agenda"],"_links":{"self":[{"href":"http:\/\/portalcatolico.net\/portal\/wp-json\/wp\/v2\/posts\/60372","targetHints":{"allow":["GET"]}}],"collection":[{"href":"http:\/\/portalcatolico.net\/portal\/wp-json\/wp\/v2\/posts"}],"about":[{"href":"http:\/\/portalcatolico.net\/portal\/wp-json\/wp\/v2\/types\/post"}],"author":[{"embeddable":true,"href":"http:\/\/portalcatolico.net\/portal\/wp-json\/wp\/v2\/users\/2"}],"replies":[{"embeddable":true,"href":"http:\/\/portalcatolico.net\/portal\/wp-json\/wp\/v2\/comments?post=60372"}],"version-history":[{"count":2,"href":"http:\/\/portalcatolico.net\/portal\/wp-json\/wp\/v2\/posts\/60372\/revisions"}],"predecessor-version":[{"id":60375,"href":"http:\/\/portalcatolico.net\/portal\/wp-json\/wp\/v2\/posts\/60372\/revisions\/60375"}],"wp:featuredmedia":[{"embeddable":true,"href":"http:\/\/portalcatolico.net\/portal\/wp-json\/wp\/v2\/media\/60373"}],"wp:attachment":[{"href":"http:\/\/portalcatolico.net\/portal\/wp-json\/wp\/v2\/media?parent=60372"}],"wp:term":[{"taxonomy":"category","embeddable":true,"href":"http:\/\/portalcatolico.net\/portal\/wp-json\/wp\/v2\/categories?post=60372"},{"taxonomy":"post_tag","embeddable":true,"href":"http:\/\/portalcatolico.net\/portal\/wp-json\/wp\/v2\/tags?post=60372"}],"curies":[{"name":"wp","href":"https:\/\/api.w.org\/{rel}","templated":true}]}}