{"id":60359,"date":"2018-10-15T19:46:14","date_gmt":"2018-10-15T22:46:14","guid":{"rendered":"http:\/\/portalcatolico.net\/portal\/?p=60359"},"modified":"2018-10-15T19:56:49","modified_gmt":"2018-10-15T22:56:49","slug":"comecou-em-coaraci-as-comemoracoes-dos-50-anos-da-paroquia-nossa-senhora-de-lourdes","status":"publish","type":"post","link":"http:\/\/portalcatolico.net\/portal\/comecou-em-coaraci-as-comemoracoes-dos-50-anos-da-paroquia-nossa-senhora-de-lourdes\/","title":{"rendered":"Come\u00e7ou em Coaraci as comemora\u00e7\u00f5es dos 50 anos da Par\u00f3quia Nossa Senhora de Lourdes"},"content":{"rendered":"<p style=\"font-weight: 400;\">Come\u00e7ou neste domingo, 14 de outubro, a Semana Eucar\u00edstica Jubilar em&nbsp;comemora\u00e7\u00e3o aos 50 anos da Par\u00f3quia Nossa&nbsp; Senhora de Lourdes no&nbsp;munic\u00edpio de Coaraci, no Sul da Bahia, par\u00f3quia&nbsp; pertencente \u00e0 Diocese de Ilh\u00e9us.<\/p>\n<p style=\"font-weight: 400;\">A&nbsp;santa missa teve in\u00edcio \u00e0s 19h, com a presid\u00eancia do Bispo Diocesano da&nbsp;Diocese de Ilh\u00e9us, Dom Mauro Montagnoli e concelebrada pelo p\u00e1roco da&nbsp;Igreja matriz de Nossa Senhora de Lourdes, o Pe. Edinilson Vivas Batista e&nbsp;o di\u00e1cono&nbsp;&nbsp;Erivaldo Ara\u00fajo Arataca.<\/p>\n<p style=\"font-weight: 400;\"><img loading=\"lazy\" decoding=\"async\" class=\" wp-image-60362 alignleft\" src=\"http:\/\/portalcatolico.net\/portal\/wp-content\/uploads\/2018\/10\/44131132_995347297313986_4238920579832348672_n-300x201.jpg\" alt=\"\" width=\"319\" height=\"214\" srcset=\"http:\/\/portalcatolico.net\/portal\/wp-content\/uploads\/2018\/10\/44131132_995347297313986_4238920579832348672_n-300x201.jpg 300w, http:\/\/portalcatolico.net\/portal\/wp-content\/uploads\/2018\/10\/44131132_995347297313986_4238920579832348672_n-768x514.jpg 768w, http:\/\/portalcatolico.net\/portal\/wp-content\/uploads\/2018\/10\/44131132_995347297313986_4238920579832348672_n.jpg 960w\" sizes=\"auto, (max-width: 319px) 100vw, 319px\" \/>Na homilia, Dom Mauro disse: &#8220;Esta par\u00f3quia inicia hoje a Semana Eucar\u00edstica Jubilar como encerramento dos festejos jubilares deste ano. Sabemos que a Eucaristia \u00e9 a fonte da vida crist\u00e3 junto com a Palavra de Deus. Ent\u00e3o, Eucaristia e B\u00edblia devem caminhar juntos.&#8221;<\/p>\n<p style=\"font-weight: 400;\">O tema central da Semana Jubilar \u00e9: &#8220;Jesus Cristo \u00e9 o mesmo&nbsp;ontem, hoje e sempre.&#8221;<br \/>\nAs missas acontecer\u00e3o todas as noites, \u00e0s 19h. E a programa\u00e7\u00e3o segue at\u00e9&nbsp;o dia 21 de outubro.<br \/>\nOs preparativos para esta grande festa, tiveram&nbsp;in\u00edcio em outubro de 2017, com v\u00e1rios momentos de evangeliza\u00e7\u00e3o na&nbsp;igreja matriz.<br \/>\nAo final da celebra\u00e7\u00e3o foram homenageados os paroquianos que nasceram no&nbsp;ano de 1968. Nesta segunda-feira, os homenageados s\u00e3o os padres que j\u00e1 passaram&nbsp;pela par\u00f3quia no per\u00edodo dos&nbsp; 50 anos, entre eles, o bispo.&nbsp;<br \/>\nNa oportunidade, o padre Edinilson informou que a Gruta Nossa Senhora de Lourdes que fica no jardim da igreja foi reativada e assim,reinaugurada.<\/p>\n<p style=\"font-weight: 400;\">O Jubileu de Ouro&nbsp;continua todas as noites com v\u00e1rias homenagens.Vale ressaltar que a Par\u00f3quia Nossa Senhora de Lourdes foi oficialmente criada em de outubro&nbsp; de 1968.<\/p>\n<p style=\"font-weight: 400;\">Fotos: Pastoral da Comunica\u00e7\u00e3o\/Par\u00f3quia Nossa Senhora de Lourdes<\/p>\n<p style=\"font-weight: 400;\">Texto:Reda\u00e7\u00e3o Portal Cat\u00f3lico<\/p>\n<p><img loading=\"lazy\" decoding=\"async\" class=\"alignnone size-medium wp-image-60365\" src=\"http:\/\/portalcatolico.net\/portal\/wp-content\/uploads\/2018\/10\/44111000_995345047314211_3586547264119635968_n-300x201.jpg\" alt=\"\" width=\"300\" height=\"201\" srcset=\"http:\/\/portalcatolico.net\/portal\/wp-content\/uploads\/2018\/10\/44111000_995345047314211_3586547264119635968_n-300x201.jpg 300w, http:\/\/portalcatolico.net\/portal\/wp-content\/uploads\/2018\/10\/44111000_995345047314211_3586547264119635968_n-768x514.jpg 768w, http:\/\/portalcatolico.net\/portal\/wp-content\/uploads\/2018\/10\/44111000_995345047314211_3586547264119635968_n.jpg 960w\" sizes=\"auto, (max-width: 300px) 100vw, 300px\" \/> <img loading=\"lazy\" decoding=\"async\" class=\"alignnone  wp-image-60364\" src=\"http:\/\/portalcatolico.net\/portal\/wp-content\/uploads\/2018\/10\/44057254_995351580646891_4632032493984284672_n-300x225.jpg\" alt=\"\" width=\"267\" height=\"200\" srcset=\"http:\/\/portalcatolico.net\/portal\/wp-content\/uploads\/2018\/10\/44057254_995351580646891_4632032493984284672_n-300x225.jpg 300w, http:\/\/portalcatolico.net\/portal\/wp-content\/uploads\/2018\/10\/44057254_995351580646891_4632032493984284672_n-768x576.jpg 768w, http:\/\/portalcatolico.net\/portal\/wp-content\/uploads\/2018\/10\/44057254_995351580646891_4632032493984284672_n.jpg 960w\" sizes=\"auto, (max-width: 267px) 100vw, 267px\" \/><\/p>\n<p style=\"font-weight: 400;\">&nbsp;<\/p>\n<p><img loading=\"lazy\" decoding=\"async\" class=\"alignnone wp-image-60366\" src=\"http:\/\/portalcatolico.net\/portal\/wp-content\/uploads\/2018\/10\/44121583_995346797314036_9149261607363149824_n-300x201.jpg\" alt=\"\" width=\"314\" height=\"211\" srcset=\"http:\/\/portalcatolico.net\/portal\/wp-content\/uploads\/2018\/10\/44121583_995346797314036_9149261607363149824_n-300x201.jpg 300w, http:\/\/portalcatolico.net\/portal\/wp-content\/uploads\/2018\/10\/44121583_995346797314036_9149261607363149824_n-768x514.jpg 768w, http:\/\/portalcatolico.net\/portal\/wp-content\/uploads\/2018\/10\/44121583_995346797314036_9149261607363149824_n.jpg 960w\" sizes=\"auto, (max-width: 314px) 100vw, 314px\" \/> <img loading=\"lazy\" decoding=\"async\" class=\"alignnone wp-image-60367\" src=\"http:\/\/portalcatolico.net\/portal\/wp-content\/uploads\/2018\/10\/44060606_995347683980614_7982720954734215168_n-300x201.jpg\" alt=\"\" width=\"316\" height=\"212\" srcset=\"http:\/\/portalcatolico.net\/portal\/wp-content\/uploads\/2018\/10\/44060606_995347683980614_7982720954734215168_n-300x201.jpg 300w, http:\/\/portalcatolico.net\/portal\/wp-content\/uploads\/2018\/10\/44060606_995347683980614_7982720954734215168_n-768x514.jpg 768w, http:\/\/portalcatolico.net\/portal\/wp-content\/uploads\/2018\/10\/44060606_995347683980614_7982720954734215168_n.jpg 960w\" sizes=\"auto, (max-width: 316px) 100vw, 316px\" \/><\/p>\n","protected":false},"excerpt":{"rendered":"<p>Come\u00e7ou neste domingo, 14 de outubro, a Semana Eucar\u00edstica Jubilar em&nbsp;comemora\u00e7\u00e3o aos 50 anos da Par\u00f3quia Nossa&nbsp; Senhora de Lourdes no&nbsp;munic\u00edpio de Coaraci, no Sul da Bahia, par\u00f3quia&nbsp; pertencente \u00e0 Diocese de Ilh\u00e9us. A&nbsp;santa missa teve in\u00edcio \u00e0s 19h, com a presid\u00eancia do Bispo Diocesano da&nbsp;Diocese de Ilh\u00e9us, Dom Mauro Montagnoli e concelebrada pelo p\u00e1roco&nbsp;<\/p>\n<p><a class=\"btn btn-style\" href=\"http:\/\/portalcatolico.net\/portal\/comecou-em-coaraci-as-comemoracoes-dos-50-anos-da-paroquia-nossa-senhora-de-lourdes\/\">Continue Reading<\/a><\/p>\n","protected":false},"author":2,"featured_media":60360,"comment_status":"open","ping_status":"open","sticky":false,"template":"","format":"standard","meta":{"footnotes":""},"categories":[68],"tags":[],"class_list":["post-60359","post","type-post","status-publish","format-standard","has-post-thumbnail","hentry","category-homilias"],"_links":{"self":[{"href":"http:\/\/portalcatolico.net\/portal\/wp-json\/wp\/v2\/posts\/60359","targetHints":{"allow":["GET"]}}],"collection":[{"href":"http:\/\/portalcatolico.net\/portal\/wp-json\/wp\/v2\/posts"}],"about":[{"href":"http:\/\/portalcatolico.net\/portal\/wp-json\/wp\/v2\/types\/post"}],"author":[{"embeddable":true,"href":"http:\/\/portalcatolico.net\/portal\/wp-json\/wp\/v2\/users\/2"}],"replies":[{"embeddable":true,"href":"http:\/\/portalcatolico.net\/portal\/wp-json\/wp\/v2\/comments?post=60359"}],"version-history":[{"count":6,"href":"http:\/\/portalcatolico.net\/portal\/wp-json\/wp\/v2\/posts\/60359\/revisions"}],"predecessor-version":[{"id":60371,"href":"http:\/\/portalcatolico.net\/portal\/wp-json\/wp\/v2\/posts\/60359\/revisions\/60371"}],"wp:featuredmedia":[{"embeddable":true,"href":"http:\/\/portalcatolico.net\/portal\/wp-json\/wp\/v2\/media\/60360"}],"wp:attachment":[{"href":"http:\/\/portalcatolico.net\/portal\/wp-json\/wp\/v2\/media?parent=60359"}],"wp:term":[{"taxonomy":"category","embeddable":true,"href":"http:\/\/portalcatolico.net\/portal\/wp-json\/wp\/v2\/categories?post=60359"},{"taxonomy":"post_tag","embeddable":true,"href":"http:\/\/portalcatolico.net\/portal\/wp-json\/wp\/v2\/tags?post=60359"}],"curies":[{"name":"wp","href":"https:\/\/api.w.org\/{rel}","templated":true}]}}